{"id":8569,"date":"2026-01-07T12:09:51","date_gmt":"2026-01-07T12:09:51","guid":{"rendered":"https:\/\/itwsport.com\/?post_type=noticia-externa&#038;p=8569"},"modified":"2026-01-07T12:15:57","modified_gmt":"2026-01-07T12:15:57","slug":"itw-sport-celebre-noel-en-famille","status":"publish","type":"noticia-externa","link":"https:\/\/itwsport.com\/fr\/nouvelles-externes\/itw-sport-celebre-noel-en-famille\/","title":{"rendered":"ITW Sport f\u00eate No\u00ebl avec les familles"},"content":{"rendered":"<p>Le pass\u00e9\u00a0<strong>27 d\u00e9cembre 2025<\/strong>, ITW Sport a organis\u00e9 une journ\u00e9e de No\u00ebl tr\u00e8s sp\u00e9ciale pour les familles et les athl\u00e8tes au CEM Mundet \u00e0 Barcelone. Au cours d'un apr\u00e8s-midi riche en activit\u00e9s, les m\u00e8res, les p\u00e8res et les joueurs ont partag\u00e9 le terrain, les paniers et les rires pour renforcer le concept de \u201cfamille\u201d et c\u00e9l\u00e9brer No\u00ebl ensemble.<\/p>\n\n\n\n<p>Cette initiative s'inscrit dans le cadre de l'engagement social d'ITW Sport en faveur du sport en tant qu'outil de transformation. Son programme de responsabilit\u00e9 sociale d'entreprise consid\u00e8re le sport comme un v\u00e9ritable agent de changement social et place les personnes au centre : non seulement ils entra\u00eenent des athl\u00e8tes, mais ils les aident aussi \u00e0 s'\u00e9panouir.&nbsp;<strong>des personnes ayant des valeurs, un objectif et une mentalit\u00e9 de gagnant sur et en dehors du terrain<\/strong>. C'est pourquoi ses programmes complets abordent des aspects aussi importants que la sant\u00e9, la forme physique et, surtout, les valeurs.<\/p>\n\n\n\n<p>Le jour de No\u00ebl, les familles ont fait l'exp\u00e9rience de cette approche humaine de l'entra\u00eenement sportif. Sous la supervision de l'\u00e9quipe technique, des activit\u00e9s coop\u00e9ratives ont \u00e9t\u00e9 con\u00e7ues, au cours desquelles adultes et enfants devaient collaborer, s'encourager et s'amuser ensemble. Les parents et les enfants se sont pris dans les bras, dans une atmosph\u00e8re de camaraderie et de respect. Ce type de coexistence renforce l'id\u00e9e que&nbsp;<strong>la pr\u00e9paration d'un athl\u00e8te ne se limite pas \u00e0 la pr\u00e9paration technique ou physique<\/strong>, Il s'agit \u00e9galement de travailler sur l'\u00e9thique, la discipline, un mode de vie sain, la camaraderie et le respect.<\/p>\n\n\n\n<p>En outre, le programme ITW Sport encourage chaque participant \u00e0 s'\u00e9panouir en tant qu'individu au sein d'une \u00e9quipe, d'une communaut\u00e9 et d'un environnement familial. La journ\u00e9e de No\u00ebl en a \u00e9t\u00e9 un bon exemple : ceux qui sont habituellement assis dans les tribunes ont pu entrer sur le terrain pour partager leurs exp\u00e9riences avec leurs filles et leurs fils, mieux comprendre la philosophie de l'\u00e9cole et, surtout, appr\u00e9cier le sport en famille. Des souvenirs ont \u00e9t\u00e9 cr\u00e9\u00e9s qui vont au-del\u00e0 du r\u00e9sultat sportif, renfor\u00e7ant la confiance et la motivation de chaque joueur.<\/p>\n\n\n\n<p>ITW Sport est reconnaissant de la participation de toutes les familles et reconna\u00eet l'engagement de son \u00e9quipe technique pour rendre le sport accessible, inclusif et plein de valeurs. \u201cCes journ\u00e9es nous rappellent que le sport est v\u00e9cu avec un sens, une passion et un impact social\u201d, ont soulign\u00e9 les organisateurs. L'acad\u00e9mie continuera \u00e0 travailler pour s'assurer que chaque session d'entra\u00eenement et chaque \u00e9v\u00e9nement continue \u00e0 construire la communaut\u00e9 et \u00e0 consolider les valeurs d\u00e9fendues par la RSE de l'organisation.<\/p>","protected":false},"excerpt":{"rendered":"<p>Le 27 d\u00e9cembre 2025, ITW Sport a organis\u00e9 une journ\u00e9e de No\u00ebl tr\u00e8s sp\u00e9ciale pour les familles et les athl\u00e8tes au CEM Mundet \u00e0 Barcelone.<\/p>","protected":false},"featured_media":8570,"template":"","meta":{"_acf_changed":true},"categories":[],"class_list":["post-8569","noticia-externa","type-noticia-externa","status-publish","has-post-thumbnail","hentry"],"acf":[],"yoast_head":"<!-- This site is optimized with the Yoast SEO plugin v26.4 - https:\/\/yoast.com\/wordpress\/plugins\/seo\/ -->\n<title>ITW\u00a0Sport celebra la Navidad junto a las familias - ITW Sport<\/title>\n<meta name=\"description\" content=\"El pasado 27 de diciembre de 2025, ITW Sport organiz\u00f3 en el CEM Mundet de Barcelona una jornada navide\u00f1a muy especial para familias y deportistas. Durante una tarde repleta de actividades, madres, padres y jugadores\/as compartieron pista, canastas y risas para reforzar el concepto de \u201cfamilia\u201d y celebrar juntos la Navidad.\" \/>\n<meta name=\"robots\" content=\"index, follow, max-snippet:-1, max-image-preview:large, max-video-preview:-1\" \/>\n<link rel=\"canonical\" href=\"https:\/\/itwsport.com\/fr\/nouvelles-externes\/itw-sport-celebre-noel-en-famille\/\" \/>\n<meta property=\"og:locale\" content=\"fr_FR\" \/>\n<meta property=\"og:type\" content=\"article\" \/>\n<meta property=\"og:title\" content=\"ITW\u00a0Sport celebra la Navidad junto a las familias - ITW Sport\" \/>\n<meta property=\"og:description\" content=\"El pasado 27 de diciembre de 2025, ITW Sport organiz\u00f3 en el CEM Mundet de Barcelona una jornada navide\u00f1a muy especial para familias y deportistas. Durante una tarde repleta de actividades, madres, padres y jugadores\/as compartieron pista, canastas y risas para reforzar el concepto de \u201cfamilia\u201d y celebrar juntos la Navidad.\" \/>\n<meta property=\"og:url\" content=\"https:\/\/itwsport.com\/fr\/nouvelles-externes\/itw-sport-celebre-noel-en-famille\/\" \/>\n<meta property=\"og:site_name\" content=\"ITW Sport\" \/>\n<meta property=\"article:modified_time\" content=\"2026-01-07T12:15:57+00:00\" \/>\n<meta property=\"og:image\" content=\"https:\/\/itwsport.com\/wp-content\/uploads\/2026\/01\/navidad-familias-itw.jpg\" \/>\n\t<meta property=\"og:image:width\" content=\"800\" \/>\n\t<meta property=\"og:image:height\" content=\"534\" \/>\n\t<meta property=\"og:image:type\" content=\"image\/jpeg\" \/>\n<meta name=\"twitter:card\" content=\"summary_large_image\" \/>\n<meta name=\"twitter:label1\" content=\"Dur\u00e9e de lecture estim\u00e9e\" \/>\n\t<meta name=\"twitter:data1\" content=\"2 minutes\" \/>\n<script type=\"application\/ld+json\" class=\"yoast-schema-graph\">{\"@context\":\"https:\/\/schema.org\",\"@graph\":[{\"@type\":\"WebPage\",\"@id\":\"https:\/\/itwsport.com\/noticia-externa\/itw-sport-celebra-la-navidad-junto-a-las-familias\/\",\"url\":\"https:\/\/itwsport.com\/noticia-externa\/itw-sport-celebra-la-navidad-junto-a-las-familias\/\",\"name\":\"ITW\u00a0Sport celebra la Navidad junto a las familias - ITW Sport\",\"isPartOf\":{\"@id\":\"https:\/\/itwsport.com\/#website\"},\"primaryImageOfPage\":{\"@id\":\"https:\/\/itwsport.com\/noticia-externa\/itw-sport-celebra-la-navidad-junto-a-las-familias\/#primaryimage\"},\"image\":{\"@id\":\"https:\/\/itwsport.com\/noticia-externa\/itw-sport-celebra-la-navidad-junto-a-las-familias\/#primaryimage\"},\"thumbnailUrl\":\"https:\/\/itwsport.com\/wp-content\/uploads\/2026\/01\/navidad-familias-itw.jpg\",\"datePublished\":\"2026-01-07T12:09:51+00:00\",\"dateModified\":\"2026-01-07T12:15:57+00:00\",\"description\":\"El pasado 27 de diciembre de 2025, ITW Sport organiz\u00f3 en el CEM Mundet de Barcelona una jornada navide\u00f1a muy especial para familias y deportistas. Durante una tarde repleta de actividades, madres, padres y jugadores\/as compartieron pista, canastas y risas para reforzar el concepto de \u201cfamilia\u201d y celebrar juntos la Navidad.\",\"breadcrumb\":{\"@id\":\"https:\/\/itwsport.com\/noticia-externa\/itw-sport-celebra-la-navidad-junto-a-las-familias\/#breadcrumb\"},\"inLanguage\":\"fr-FR\",\"potentialAction\":[{\"@type\":\"ReadAction\",\"target\":[\"https:\/\/itwsport.com\/noticia-externa\/itw-sport-celebra-la-navidad-junto-a-las-familias\/\"]}]},{\"@type\":\"ImageObject\",\"inLanguage\":\"fr-FR\",\"@id\":\"https:\/\/itwsport.com\/noticia-externa\/itw-sport-celebra-la-navidad-junto-a-las-familias\/#primaryimage\",\"url\":\"https:\/\/itwsport.com\/wp-content\/uploads\/2026\/01\/navidad-familias-itw.jpg\",\"contentUrl\":\"https:\/\/itwsport.com\/wp-content\/uploads\/2026\/01\/navidad-familias-itw.jpg\",\"width\":800,\"height\":534},{\"@type\":\"BreadcrumbList\",\"@id\":\"https:\/\/itwsport.com\/noticia-externa\/itw-sport-celebra-la-navidad-junto-a-las-familias\/#breadcrumb\",\"itemListElement\":[{\"@type\":\"ListItem\",\"position\":1,\"name\":\"Portada\",\"item\":\"https:\/\/itwsport.com\/\"},{\"@type\":\"ListItem\",\"position\":2,\"name\":\"ITW\u00a0Sport celebra la Navidad junto a las familias\"}]},{\"@type\":\"WebSite\",\"@id\":\"https:\/\/itwsport.com\/#website\",\"url\":\"https:\/\/itwsport.com\/\",\"name\":\"ITW Sport\",\"description\":\"- Entrenamientos Deportivos\",\"publisher\":{\"@id\":\"https:\/\/itwsport.com\/#organization\"},\"potentialAction\":[{\"@type\":\"SearchAction\",\"target\":{\"@type\":\"EntryPoint\",\"urlTemplate\":\"https:\/\/itwsport.com\/?s={search_term_string}\"},\"query-input\":{\"@type\":\"PropertyValueSpecification\",\"valueRequired\":true,\"valueName\":\"search_term_string\"}}],\"inLanguage\":\"fr-FR\"},{\"@type\":\"Organization\",\"@id\":\"https:\/\/itwsport.com\/#organization\",\"name\":\"ITW Sport\",\"url\":\"https:\/\/itwsport.com\/\",\"logo\":{\"@type\":\"ImageObject\",\"inLanguage\":\"fr-FR\",\"@id\":\"https:\/\/itwsport.com\/#\/schema\/logo\/image\/\",\"url\":\"https:\/\/itwsport.com\/wp-content\/uploads\/2024\/03\/Recurso-58aaaa@4x.png\",\"contentUrl\":\"https:\/\/itwsport.com\/wp-content\/uploads\/2024\/03\/Recurso-58aaaa@4x.png\",\"width\":673,\"height\":178,\"caption\":\"ITW Sport\"},\"image\":{\"@id\":\"https:\/\/itwsport.com\/#\/schema\/logo\/image\/\"}}]}<\/script>\n<!-- \/ Yoast SEO plugin. -->","yoast_head_json":{"title":"ITW Sport f\u00eate No\u00ebl avec les familles - ITW Sport","description":"Le 27 d\u00e9cembre 2025, ITW Sport a organis\u00e9 une journ\u00e9e de No\u00ebl tr\u00e8s sp\u00e9ciale pour les familles et les athl\u00e8tes au CEM Mundet \u00e0 Barcelone. Au cours d'un apr\u00e8s-midi riche en activit\u00e9s, les m\u00e8res, les p\u00e8res et les joueurs ont partag\u00e9 le terrain, les paniers et les rires pour renforcer le concept de \u201cfamille\u201d et c\u00e9l\u00e9brer No\u00ebl ensemble.","robots":{"index":"index","follow":"follow","max-snippet":"max-snippet:-1","max-image-preview":"max-image-preview:large","max-video-preview":"max-video-preview:-1"},"canonical":"https:\/\/itwsport.com\/fr\/nouvelles-externes\/itw-sport-celebre-noel-en-famille\/","og_locale":"fr_FR","og_type":"article","og_title":"ITW\u00a0Sport celebra la Navidad junto a las familias - ITW Sport","og_description":"El pasado 27 de diciembre de 2025, ITW Sport organiz\u00f3 en el CEM Mundet de Barcelona una jornada navide\u00f1a muy especial para familias y deportistas. Durante una tarde repleta de actividades, madres, padres y jugadores\/as compartieron pista, canastas y risas para reforzar el concepto de \u201cfamilia\u201d y celebrar juntos la Navidad.","og_url":"https:\/\/itwsport.com\/fr\/nouvelles-externes\/itw-sport-celebre-noel-en-famille\/","og_site_name":"ITW Sport","article_modified_time":"2026-01-07T12:15:57+00:00","og_image":[{"width":800,"height":534,"url":"https:\/\/itwsport.com\/wp-content\/uploads\/2026\/01\/navidad-familias-itw.jpg","type":"image\/jpeg"}],"twitter_card":"summary_large_image","twitter_misc":{"Dur\u00e9e de lecture estim\u00e9e":"2 minutes"},"schema":{"@context":"https:\/\/schema.org","@graph":[{"@type":"WebPage","@id":"https:\/\/itwsport.com\/noticia-externa\/itw-sport-celebra-la-navidad-junto-a-las-familias\/","url":"https:\/\/itwsport.com\/noticia-externa\/itw-sport-celebra-la-navidad-junto-a-las-familias\/","name":"ITW Sport f\u00eate No\u00ebl avec les familles - ITW Sport","isPartOf":{"@id":"https:\/\/itwsport.com\/#website"},"primaryImageOfPage":{"@id":"https:\/\/itwsport.com\/noticia-externa\/itw-sport-celebra-la-navidad-junto-a-las-familias\/#primaryimage"},"image":{"@id":"https:\/\/itwsport.com\/noticia-externa\/itw-sport-celebra-la-navidad-junto-a-las-familias\/#primaryimage"},"thumbnailUrl":"https:\/\/itwsport.com\/wp-content\/uploads\/2026\/01\/navidad-familias-itw.jpg","datePublished":"2026-01-07T12:09:51+00:00","dateModified":"2026-01-07T12:15:57+00:00","description":"Le 27 d\u00e9cembre 2025, ITW Sport a organis\u00e9 une journ\u00e9e de No\u00ebl tr\u00e8s sp\u00e9ciale pour les familles et les athl\u00e8tes au CEM Mundet \u00e0 Barcelone. Au cours d'un apr\u00e8s-midi riche en activit\u00e9s, les m\u00e8res, les p\u00e8res et les joueurs ont partag\u00e9 le terrain, les paniers et les rires pour renforcer le concept de \u201cfamille\u201d et c\u00e9l\u00e9brer No\u00ebl ensemble.","breadcrumb":{"@id":"https:\/\/itwsport.com\/noticia-externa\/itw-sport-celebra-la-navidad-junto-a-las-familias\/#breadcrumb"},"inLanguage":"fr-FR","potentialAction":[{"@type":"ReadAction","target":["https:\/\/itwsport.com\/noticia-externa\/itw-sport-celebra-la-navidad-junto-a-las-familias\/"]}]},{"@type":"ImageObject","inLanguage":"fr-FR","@id":"https:\/\/itwsport.com\/noticia-externa\/itw-sport-celebra-la-navidad-junto-a-las-familias\/#primaryimage","url":"https:\/\/itwsport.com\/wp-content\/uploads\/2026\/01\/navidad-familias-itw.jpg","contentUrl":"https:\/\/itwsport.com\/wp-content\/uploads\/2026\/01\/navidad-familias-itw.jpg","width":800,"height":534},{"@type":"BreadcrumbList","@id":"https:\/\/itwsport.com\/noticia-externa\/itw-sport-celebra-la-navidad-junto-a-las-familias\/#breadcrumb","itemListElement":[{"@type":"ListItem","position":1,"name":"Portada","item":"https:\/\/itwsport.com\/"},{"@type":"ListItem","position":2,"name":"ITW\u00a0Sport celebra la Navidad junto a las familias"}]},{"@type":"WebSite","@id":"https:\/\/itwsport.com\/#website","url":"https:\/\/itwsport.com\/","name":"ITW Sport","description":"- Entra\u00eenement sportif","publisher":{"@id":"https:\/\/itwsport.com\/#organization"},"potentialAction":[{"@type":"SearchAction","target":{"@type":"EntryPoint","urlTemplate":"https:\/\/itwsport.com\/?s={search_term_string}"},"query-input":{"@type":"PropertyValueSpecification","valueRequired":true,"valueName":"search_term_string"}}],"inLanguage":"fr-FR"},{"@type":"Organization","@id":"https:\/\/itwsport.com\/#organization","name":"ITW Sport","url":"https:\/\/itwsport.com\/","logo":{"@type":"ImageObject","inLanguage":"fr-FR","@id":"https:\/\/itwsport.com\/#\/schema\/logo\/image\/","url":"https:\/\/itwsport.com\/wp-content\/uploads\/2024\/03\/Recurso-58aaaa@4x.png","contentUrl":"https:\/\/itwsport.com\/wp-content\/uploads\/2024\/03\/Recurso-58aaaa@4x.png","width":673,"height":178,"caption":"ITW Sport"},"image":{"@id":"https:\/\/itwsport.com\/#\/schema\/logo\/image\/"}}]}},"_links":{"self":[{"href":"https:\/\/itwsport.com\/fr\/wp-json\/wp\/v2\/noticia-externa\/8569","targetHints":{"allow":["GET"]}}],"collection":[{"href":"https:\/\/itwsport.com\/fr\/wp-json\/wp\/v2\/noticia-externa"}],"about":[{"href":"https:\/\/itwsport.com\/fr\/wp-json\/wp\/v2\/types\/noticia-externa"}],"wp:featuredmedia":[{"embeddable":true,"href":"https:\/\/itwsport.com\/fr\/wp-json\/wp\/v2\/media\/8570"}],"wp:attachment":[{"href":"https:\/\/itwsport.com\/fr\/wp-json\/wp\/v2\/media?parent=8569"}],"wp:term":[{"taxonomy":"category","embeddable":true,"href":"https:\/\/itwsport.com\/fr\/wp-json\/wp\/v2\/categories?post=8569"}],"curies":[{"name":"wp","href":"https:\/\/api.w.org\/{rel}","templated":true}]}}