{"id":8552,"date":"2026-01-05T14:13:50","date_gmt":"2026-01-05T14:13:50","guid":{"rendered":"https:\/\/itwsport.com\/?post_type=noticia-externa&#038;p=8552"},"modified":"2026-01-05T15:17:52","modified_gmt":"2026-01-05T15:17:52","slug":"journee-de-formation-technique-inclusive-a-barcelone-basket-ball-natation-et-athletisme-avec-acell-et-itw-sport","status":"publish","type":"noticia-externa","link":"https:\/\/itwsport.com\/fr\/nouvelles-externes\/journee-de-formation-technique-inclusive-a-barcelone-basket-ball-natation-et-athletisme-avec-acell-et-itw-sport\/","title":{"rendered":"Journ\u00e9e de la technification inclusive \u00e0 Barcelone : basket-ball, natation et athl\u00e9tisme avec ACELL et ITW Sport"},"content":{"rendered":"<h2 class=\"wp-block-heading\">Un \u00e9v\u00e9nement pour d\u00e9marrer 2026 en mettant l'accent sur l'inclusion<\/h2>\n\n\n\n<p>L'ann\u00e9e a commenc\u00e9 de la meilleure fa\u00e7on possible : en partageant le sport, l'apprentissage et les sourires.<br>Le pass\u00e9 <strong>3 janvier 2026<\/strong>, les <strong>CEM Mundet de Barcelone<\/strong> a \u00e9t\u00e9 le th\u00e9\u00e2tre d'une <strong>Journ\u00e9e de la technologie inclusive<\/strong> qui a rassembl\u00e9 des athl\u00e8tes, des entra\u00eeneurs et des familles autour d'une m\u00eame id\u00e9e : le sport est pour tout le monde.<\/p>\n\n\n\n<p>L'activit\u00e9, organis\u00e9e en collaboration avec la <strong>F\u00e9d\u00e9ration ACELL<\/strong> y <strong>ITW Sport<\/strong>, combin\u00e9e <strong>basket-ball, natation et athl\u00e9tisme<\/strong> et s'inscrit dans le cadre de la politique de <strong>Responsabilit\u00e9 sociale de l'entreprise ITW Sport<\/strong>, qui consid\u00e8re le sport comme un v\u00e9ritable outil de transformation sociale.<\/p>\n\n\n\n<p>Car pour ITW Sport, l'entra\u00eenement ne se limite pas \u00e0 l'am\u00e9lioration d'une technique : il s'agit de cr\u00e9er des espaces s\u00fbrs, accessibles et pleins d'opportunit\u00e9s de d\u00e9veloppement.<\/p>\n\n\n\n<h2 class=\"wp-block-heading\">Programmation et d\u00e9roulement de la journ\u00e9e<\/h2>\n\n\n\n<p>L'appel, publi\u00e9 par l'ACELL en octobre 2025, pr\u00e9voyait la tenue d'une r\u00e9union de <strong>trois heures (de 17h00 \u00e0 20h00)<\/strong> avec deux modalit\u00e9s d'enregistrement :<\/p>\n\n\n\n<ul class=\"wp-block-list\">\n<li><strong>Basket-ball<\/strong><\/li>\n\n\n\n<li><strong>Natation + athl\u00e9tisme<\/strong><\/li>\n<\/ul>\n\n\n\n<p>Les sessions ont \u00e9t\u00e9 dirig\u00e9es par <strong>Formateurs professionnels ITW Sport<\/strong>, sp\u00e9cialis\u00e9e dans l'entra\u00eenement et l'adaptation, dans le but de valoriser les comp\u00e9tences de chaque athl\u00e8te par le respect, la proximit\u00e9 et la motivation.<\/p>\n\n\n\n<p>Pendant la journ\u00e9e :<\/p>\n\n\n\n<ul class=\"wp-block-list\">\n<li>Dans le cadre de la <strong>terrain de basket<\/strong>, En outre, les fondamentaux tels que les rebonds, les passes et les tirs ont \u00e9t\u00e9 travaill\u00e9s.<\/li>\n\n\n\n<li>Dans le cadre de la <strong>piscine et piste d'athl\u00e9tisme<\/strong>, Les groupes se sont exerc\u00e9s \u00e0 la natation, aux relais et aux \u00e9preuves de sprint.<\/li>\n<\/ul>\n\n\n\n<p>Au-del\u00e0 du travail technique, les entra\u00eeneurs se sont concentr\u00e9s sur les valeurs fondamentales :<br><strong>la compagnie, l'estime de soi, l'effort et la discipline<\/strong>.<br>En conclusion, chaque participant a re\u00e7u son <strong>t-shirt officiel<\/strong>, un petit souvenir d'une grande exp\u00e9rience.<\/p>\n\n\n\n<h2 class=\"wp-block-heading\">L'engagement social d'ITW Sport<\/h2>\n\n\n\n<p>Cette journ\u00e9e s'inscrit dans le cadre de l'engagement d'ITW Sport en faveur d'un sport qui <strong>\u00e9duque, accompagne et soigne<\/strong>. Dans le cadre de son programme de responsabilit\u00e9 sociale des entreprises, l'entit\u00e9 promeut des projets qui :<\/p>\n\n\n\n<ul class=\"wp-block-list\">\n<li>Promouvoir des modes de vie sains<\/li>\n\n\n\n<li>Promouvoir le bien-\u00eatre physique et \u00e9motionnel<\/li>\n\n\n\n<li>Ils con\u00e7oivent des programmes adapt\u00e9s \u00e0 divers contextes<\/li>\n\n\n\n<li>Promouvoir le sport f\u00e9minin<\/li>\n\n\n\n<li>Ils collaborent avec des organisations sociales et \u00e9ducatives<\/li>\n<\/ul>\n\n\n\n<p>L'accord entre ITW Sport et Federaci\u00f3 ACELL est n\u00e9 avec un objectif clair : <strong>continuer \u00e0 organiser des journ\u00e9es de technification ouvertes \u00e0 tous<\/strong> pour rapprocher le sport d'entra\u00eenement d'un plus grand nombre de personnes.<\/p>\n\n\n\n<h2 class=\"wp-block-heading\">Regarder vers l'avenir<\/h2>\n\n\n\n<p>partag\u00e9e : <strong>il ne s'agit pas d'un \u00e9v\u00e9nement ponctuel, mais d'un voyage<\/strong>.<\/p>\n\n\n\n<p>Tout au long de l'ann\u00e9e, de nouvelles journ\u00e9es continueront d'\u00eatre promues, en donnant une continuit\u00e9 aux exp\u00e9riences pr\u00e9c\u00e9dentes, comme la journ\u00e9e de la technification du basket-ball qui s'est tenue \u00e0 Lleida en mars 2025. Des actions qui d\u00e9montrent que lorsque le sport est bien fait, il laisse des traces.<\/p>\n\n\n\n<h2 class=\"wp-block-heading\">Pour en savoir plus<\/h2>\n\n\n\n<p>Des photos de la journ\u00e9e, montrant les athl\u00e8tes participant aux activit\u00e9s et recevant leurs cadeaux, sont disponibles sur le site Internet de la Commission europ\u00e9enne.&nbsp;<a rel=\"noreferrer noopener\" href=\"https:\/\/www.flickr.com\/photos\/198824310@N03\/albums\/72177720331270462\" target=\"_blank\">Album Flickr ITW Sport<\/a>. Des informations compl\u00e9mentaires sur le programme de responsabilit\u00e9 sociale de l'entreprise sont disponibles dans la section correspondante du site web d'ITW Sport. Pour les \u00e9v\u00e9nements et appels \u00e0 venir, nous vous recommandons de suivre les publications de&nbsp;<strong>ACELL<\/strong>&nbsp;sur son site web et ses r\u00e9seaux sociaux.<\/p>\n\n\n\n<p><\/p>\n\n\n\n<p><\/p>","protected":false},"excerpt":{"rendered":"<p>Un \u00e9v\u00e9nement pour lancer 2026 en mettant l'accent sur l'inclusion<\/p>","protected":false},"featured_media":8567,"template":"","meta":{"_acf_changed":false},"categories":[],"class_list":["post-8552","noticia-externa","type-noticia-externa","status-publish","has-post-thumbnail","hentry"],"acf":[],"yoast_head":"<!-- This site is optimized with the Yoast SEO plugin v26.4 - https:\/\/yoast.com\/wordpress\/plugins\/seo\/ -->\n<title>Jornada de tecnificaci\u00f3n inclusiva en Barcelona: baloncesto, nataci\u00f3n y atletismo con ACELL e ITW Sport - ITW Sport<\/title>\n<meta name=\"description\" content=\"El deporte ayuda a las personas con discapacidades intelectuales a conectar, hacer amistades y mejorar su bienestar, promoviendo la inclusi\u00f3n y la equidad.\" \/>\n<meta name=\"robots\" content=\"index, follow, max-snippet:-1, max-image-preview:large, max-video-preview:-1\" \/>\n<link rel=\"canonical\" href=\"https:\/\/itwsport.com\/fr\/nouvelles-externes\/journee-de-formation-technique-inclusive-a-barcelone-basket-ball-natation-et-athletisme-avec-acell-et-itw-sport\/\" \/>\n<meta property=\"og:locale\" content=\"fr_FR\" \/>\n<meta property=\"og:type\" content=\"article\" \/>\n<meta property=\"og:title\" content=\"Jornada de tecnificaci\u00f3n inclusiva en Barcelona: baloncesto, nataci\u00f3n y atletismo con ACELL e ITW Sport - ITW Sport\" \/>\n<meta property=\"og:description\" content=\"El deporte ayuda a las personas con discapacidades intelectuales a conectar, hacer amistades y mejorar su bienestar, promoviendo la inclusi\u00f3n y la equidad.\" \/>\n<meta property=\"og:url\" content=\"https:\/\/itwsport.com\/fr\/nouvelles-externes\/journee-de-formation-technique-inclusive-a-barcelone-basket-ball-natation-et-athletisme-avec-acell-et-itw-sport\/\" \/>\n<meta property=\"og:site_name\" content=\"ITW Sport\" \/>\n<meta property=\"article:modified_time\" content=\"2026-01-05T15:17:52+00:00\" \/>\n<meta property=\"og:image\" content=\"https:\/\/itwsport.com\/wp-content\/uploads\/2026\/01\/55023480181_09ca629d86_c.jpg\" \/>\n\t<meta property=\"og:image:width\" content=\"800\" \/>\n\t<meta property=\"og:image:height\" content=\"600\" \/>\n\t<meta property=\"og:image:type\" content=\"image\/jpeg\" \/>\n<meta name=\"twitter:card\" content=\"summary_large_image\" \/>\n<meta name=\"twitter:label1\" content=\"Dur\u00e9e de lecture estim\u00e9e\" \/>\n\t<meta name=\"twitter:data1\" content=\"3 minutes\" \/>\n<script type=\"application\/ld+json\" class=\"yoast-schema-graph\">{\"@context\":\"https:\/\/schema.org\",\"@graph\":[{\"@type\":\"WebPage\",\"@id\":\"https:\/\/itwsport.com\/noticia-externa\/jornada-de-tecnificacion-inclusiva-en-barcelona-baloncesto-natacion-y-atletismo-con-acell-e-itw-sport\/\",\"url\":\"https:\/\/itwsport.com\/noticia-externa\/jornada-de-tecnificacion-inclusiva-en-barcelona-baloncesto-natacion-y-atletismo-con-acell-e-itw-sport\/\",\"name\":\"Jornada de tecnificaci\u00f3n inclusiva en Barcelona: baloncesto, nataci\u00f3n y atletismo con ACELL e ITW Sport - ITW Sport\",\"isPartOf\":{\"@id\":\"https:\/\/itwsport.com\/#website\"},\"primaryImageOfPage\":{\"@id\":\"https:\/\/itwsport.com\/noticia-externa\/jornada-de-tecnificacion-inclusiva-en-barcelona-baloncesto-natacion-y-atletismo-con-acell-e-itw-sport\/#primaryimage\"},\"image\":{\"@id\":\"https:\/\/itwsport.com\/noticia-externa\/jornada-de-tecnificacion-inclusiva-en-barcelona-baloncesto-natacion-y-atletismo-con-acell-e-itw-sport\/#primaryimage\"},\"thumbnailUrl\":\"https:\/\/itwsport.com\/wp-content\/uploads\/2026\/01\/55023480181_09ca629d86_c.jpg\",\"datePublished\":\"2026-01-05T14:13:50+00:00\",\"dateModified\":\"2026-01-05T15:17:52+00:00\",\"description\":\"El deporte ayuda a las personas con discapacidades intelectuales a conectar, hacer amistades y mejorar su bienestar, promoviendo la inclusi\u00f3n y la equidad.\",\"breadcrumb\":{\"@id\":\"https:\/\/itwsport.com\/noticia-externa\/jornada-de-tecnificacion-inclusiva-en-barcelona-baloncesto-natacion-y-atletismo-con-acell-e-itw-sport\/#breadcrumb\"},\"inLanguage\":\"fr-FR\",\"potentialAction\":[{\"@type\":\"ReadAction\",\"target\":[\"https:\/\/itwsport.com\/noticia-externa\/jornada-de-tecnificacion-inclusiva-en-barcelona-baloncesto-natacion-y-atletismo-con-acell-e-itw-sport\/\"]}]},{\"@type\":\"ImageObject\",\"inLanguage\":\"fr-FR\",\"@id\":\"https:\/\/itwsport.com\/noticia-externa\/jornada-de-tecnificacion-inclusiva-en-barcelona-baloncesto-natacion-y-atletismo-con-acell-e-itw-sport\/#primaryimage\",\"url\":\"https:\/\/itwsport.com\/wp-content\/uploads\/2026\/01\/55023480181_09ca629d86_c.jpg\",\"contentUrl\":\"https:\/\/itwsport.com\/wp-content\/uploads\/2026\/01\/55023480181_09ca629d86_c.jpg\",\"width\":800,\"height\":600},{\"@type\":\"BreadcrumbList\",\"@id\":\"https:\/\/itwsport.com\/noticia-externa\/jornada-de-tecnificacion-inclusiva-en-barcelona-baloncesto-natacion-y-atletismo-con-acell-e-itw-sport\/#breadcrumb\",\"itemListElement\":[{\"@type\":\"ListItem\",\"position\":1,\"name\":\"Portada\",\"item\":\"https:\/\/itwsport.com\/\"},{\"@type\":\"ListItem\",\"position\":2,\"name\":\"Jornada de tecnificaci\u00f3n inclusiva en Barcelona: baloncesto, nataci\u00f3n y atletismo con ACELL e ITW Sport\"}]},{\"@type\":\"WebSite\",\"@id\":\"https:\/\/itwsport.com\/#website\",\"url\":\"https:\/\/itwsport.com\/\",\"name\":\"ITW Sport\",\"description\":\"- Entrenamientos Deportivos\",\"publisher\":{\"@id\":\"https:\/\/itwsport.com\/#organization\"},\"potentialAction\":[{\"@type\":\"SearchAction\",\"target\":{\"@type\":\"EntryPoint\",\"urlTemplate\":\"https:\/\/itwsport.com\/?s={search_term_string}\"},\"query-input\":{\"@type\":\"PropertyValueSpecification\",\"valueRequired\":true,\"valueName\":\"search_term_string\"}}],\"inLanguage\":\"fr-FR\"},{\"@type\":\"Organization\",\"@id\":\"https:\/\/itwsport.com\/#organization\",\"name\":\"ITW Sport\",\"url\":\"https:\/\/itwsport.com\/\",\"logo\":{\"@type\":\"ImageObject\",\"inLanguage\":\"fr-FR\",\"@id\":\"https:\/\/itwsport.com\/#\/schema\/logo\/image\/\",\"url\":\"https:\/\/itwsport.com\/wp-content\/uploads\/2024\/03\/Recurso-58aaaa@4x.png\",\"contentUrl\":\"https:\/\/itwsport.com\/wp-content\/uploads\/2024\/03\/Recurso-58aaaa@4x.png\",\"width\":673,\"height\":178,\"caption\":\"ITW Sport\"},\"image\":{\"@id\":\"https:\/\/itwsport.com\/#\/schema\/logo\/image\/\"}}]}<\/script>\n<!-- \/ Yoast SEO plugin. -->","yoast_head_json":{"title":"Journ\u00e9e de la technification inclusive \u00e0 Barcelone : basket-ball, natation et athl\u00e9tisme avec ACELL et ITW Sport - ITW Sport","description":"Le sport aide les personnes ayant un handicap intellectuel \u00e0 nouer des liens, \u00e0 se faire des amis et \u00e0 am\u00e9liorer leur bien-\u00eatre, favorisant ainsi l'inclusion et l'\u00e9quit\u00e9.","robots":{"index":"index","follow":"follow","max-snippet":"max-snippet:-1","max-image-preview":"max-image-preview:large","max-video-preview":"max-video-preview:-1"},"canonical":"https:\/\/itwsport.com\/fr\/nouvelles-externes\/journee-de-formation-technique-inclusive-a-barcelone-basket-ball-natation-et-athletisme-avec-acell-et-itw-sport\/","og_locale":"fr_FR","og_type":"article","og_title":"Jornada de tecnificaci\u00f3n inclusiva en Barcelona: baloncesto, nataci\u00f3n y atletismo con ACELL e ITW Sport - ITW Sport","og_description":"El deporte ayuda a las personas con discapacidades intelectuales a conectar, hacer amistades y mejorar su bienestar, promoviendo la inclusi\u00f3n y la equidad.","og_url":"https:\/\/itwsport.com\/fr\/nouvelles-externes\/journee-de-formation-technique-inclusive-a-barcelone-basket-ball-natation-et-athletisme-avec-acell-et-itw-sport\/","og_site_name":"ITW Sport","article_modified_time":"2026-01-05T15:17:52+00:00","og_image":[{"width":800,"height":600,"url":"https:\/\/itwsport.com\/wp-content\/uploads\/2026\/01\/55023480181_09ca629d86_c.jpg","type":"image\/jpeg"}],"twitter_card":"summary_large_image","twitter_misc":{"Dur\u00e9e de lecture estim\u00e9e":"3 minutes"},"schema":{"@context":"https:\/\/schema.org","@graph":[{"@type":"WebPage","@id":"https:\/\/itwsport.com\/noticia-externa\/jornada-de-tecnificacion-inclusiva-en-barcelona-baloncesto-natacion-y-atletismo-con-acell-e-itw-sport\/","url":"https:\/\/itwsport.com\/noticia-externa\/jornada-de-tecnificacion-inclusiva-en-barcelona-baloncesto-natacion-y-atletismo-con-acell-e-itw-sport\/","name":"Journ\u00e9e de la technification inclusive \u00e0 Barcelone : basket-ball, natation et athl\u00e9tisme avec ACELL et ITW Sport - ITW Sport","isPartOf":{"@id":"https:\/\/itwsport.com\/#website"},"primaryImageOfPage":{"@id":"https:\/\/itwsport.com\/noticia-externa\/jornada-de-tecnificacion-inclusiva-en-barcelona-baloncesto-natacion-y-atletismo-con-acell-e-itw-sport\/#primaryimage"},"image":{"@id":"https:\/\/itwsport.com\/noticia-externa\/jornada-de-tecnificacion-inclusiva-en-barcelona-baloncesto-natacion-y-atletismo-con-acell-e-itw-sport\/#primaryimage"},"thumbnailUrl":"https:\/\/itwsport.com\/wp-content\/uploads\/2026\/01\/55023480181_09ca629d86_c.jpg","datePublished":"2026-01-05T14:13:50+00:00","dateModified":"2026-01-05T15:17:52+00:00","description":"Le sport aide les personnes ayant un handicap intellectuel \u00e0 nouer des liens, \u00e0 se faire des amis et \u00e0 am\u00e9liorer leur bien-\u00eatre, favorisant ainsi l'inclusion et l'\u00e9quit\u00e9.","breadcrumb":{"@id":"https:\/\/itwsport.com\/noticia-externa\/jornada-de-tecnificacion-inclusiva-en-barcelona-baloncesto-natacion-y-atletismo-con-acell-e-itw-sport\/#breadcrumb"},"inLanguage":"fr-FR","potentialAction":[{"@type":"ReadAction","target":["https:\/\/itwsport.com\/noticia-externa\/jornada-de-tecnificacion-inclusiva-en-barcelona-baloncesto-natacion-y-atletismo-con-acell-e-itw-sport\/"]}]},{"@type":"ImageObject","inLanguage":"fr-FR","@id":"https:\/\/itwsport.com\/noticia-externa\/jornada-de-tecnificacion-inclusiva-en-barcelona-baloncesto-natacion-y-atletismo-con-acell-e-itw-sport\/#primaryimage","url":"https:\/\/itwsport.com\/wp-content\/uploads\/2026\/01\/55023480181_09ca629d86_c.jpg","contentUrl":"https:\/\/itwsport.com\/wp-content\/uploads\/2026\/01\/55023480181_09ca629d86_c.jpg","width":800,"height":600},{"@type":"BreadcrumbList","@id":"https:\/\/itwsport.com\/noticia-externa\/jornada-de-tecnificacion-inclusiva-en-barcelona-baloncesto-natacion-y-atletismo-con-acell-e-itw-sport\/#breadcrumb","itemListElement":[{"@type":"ListItem","position":1,"name":"Portada","item":"https:\/\/itwsport.com\/"},{"@type":"ListItem","position":2,"name":"Jornada de tecnificaci\u00f3n inclusiva en Barcelona: baloncesto, nataci\u00f3n y atletismo con ACELL e ITW Sport"}]},{"@type":"WebSite","@id":"https:\/\/itwsport.com\/#website","url":"https:\/\/itwsport.com\/","name":"ITW Sport","description":"- Entra\u00eenement sportif","publisher":{"@id":"https:\/\/itwsport.com\/#organization"},"potentialAction":[{"@type":"SearchAction","target":{"@type":"EntryPoint","urlTemplate":"https:\/\/itwsport.com\/?s={search_term_string}"},"query-input":{"@type":"PropertyValueSpecification","valueRequired":true,"valueName":"search_term_string"}}],"inLanguage":"fr-FR"},{"@type":"Organization","@id":"https:\/\/itwsport.com\/#organization","name":"ITW Sport","url":"https:\/\/itwsport.com\/","logo":{"@type":"ImageObject","inLanguage":"fr-FR","@id":"https:\/\/itwsport.com\/#\/schema\/logo\/image\/","url":"https:\/\/itwsport.com\/wp-content\/uploads\/2024\/03\/Recurso-58aaaa@4x.png","contentUrl":"https:\/\/itwsport.com\/wp-content\/uploads\/2024\/03\/Recurso-58aaaa@4x.png","width":673,"height":178,"caption":"ITW Sport"},"image":{"@id":"https:\/\/itwsport.com\/#\/schema\/logo\/image\/"}}]}},"_links":{"self":[{"href":"https:\/\/itwsport.com\/fr\/wp-json\/wp\/v2\/noticia-externa\/8552","targetHints":{"allow":["GET"]}}],"collection":[{"href":"https:\/\/itwsport.com\/fr\/wp-json\/wp\/v2\/noticia-externa"}],"about":[{"href":"https:\/\/itwsport.com\/fr\/wp-json\/wp\/v2\/types\/noticia-externa"}],"wp:featuredmedia":[{"embeddable":true,"href":"https:\/\/itwsport.com\/fr\/wp-json\/wp\/v2\/media\/8567"}],"wp:attachment":[{"href":"https:\/\/itwsport.com\/fr\/wp-json\/wp\/v2\/media?parent=8552"}],"wp:term":[{"taxonomy":"category","embeddable":true,"href":"https:\/\/itwsport.com\/fr\/wp-json\/wp\/v2\/categories?post=8552"}],"curies":[{"name":"wp","href":"https:\/\/api.w.org\/{rel}","templated":true}]}}