{"id":8569,"date":"2026-01-07T12:09:51","date_gmt":"2026-01-07T12:09:51","guid":{"rendered":"https:\/\/itwsport.com\/?post_type=noticia-externa&#038;p=8569"},"modified":"2026-01-07T12:15:57","modified_gmt":"2026-01-07T12:15:57","slug":"itw-sport-feiert-weihnachten-gemeinsam-mit-familien","status":"publish","type":"noticia-externa","link":"https:\/\/itwsport.com\/de\/externe-nachrichten\/itw-sport-feiert-weihnachten-gemeinsam-mit-familien\/","title":{"rendered":"ITW Sport feiert Weihnachten gemeinsam mit Familien"},"content":{"rendered":"<p>Die Vergangenheit\u00a0<strong>27. Dezember 2025<\/strong>, ITW Sport organisierte einen ganz besonderen Weihnachtstag f\u00fcr Familien und Sportler bei CEM Mundet in Barcelona. W\u00e4hrend eines Nachmittags voller Aktivit\u00e4ten teilten sich M\u00fctter, V\u00e4ter und Spieler den Platz, K\u00f6rbe und Lachen, um das Konzept der \u201cFamilie\u201d zu st\u00e4rken und gemeinsam Weihnachten zu feiern.<\/p>\n\n\n\n<p>Die Initiative ist Teil des sozialen Engagements von ITW Sport f\u00fcr den Sport als Mittel zur Ver\u00e4nderung. Das Programm zur sozialen Verantwortung des Unternehmens versteht den Sport als einen echten Akteur des sozialen Wandels und stellt den Menschen in den Mittelpunkt: Es werden nicht nur Sportler trainiert, sondern auch&nbsp;<strong>Menschen mit Werten, Zielen und einer Siegermentalit\u00e4t auf und neben dem Platz<\/strong>. Deshalb werden in den umfassenden Programmen so wichtige Aspekte wie Gesundheit, Fitness und vor allem Werte angesprochen.<\/p>\n\n\n\n<p>Am ersten Weihnachtsfeiertag erlebten die Familien diesen menschlichen Ansatz beim Sporttraining hautnah. Unter der Aufsicht des technischen Teams wurden kooperative Aktivit\u00e4ten entwickelt, bei denen Erwachsene und Kinder zusammenarbeiten, sich gegenseitig ermutigen und gemeinsam Spa\u00df haben mussten. Es gab Umarmungen zwischen Eltern und Kindern und eine Atmosph\u00e4re der Kameradschaft und des Respekts. Diese Art des Zusammenlebens st\u00e4rkt die Idee, dass&nbsp;<strong>die Vorbereitung eines Sportlers beschr\u00e4nkt sich nicht auf die technische oder physische Vorbereitung<\/strong>, Dazu geh\u00f6rt auch die Arbeit an Ethik, Disziplin, gesunder Lebensweise, Kameradschaft und Respekt.<\/p>\n\n\n\n<p>Dar\u00fcber hinaus ermutigt das ITW-Sportprogramm jeden Teilnehmer, als Individuum innerhalb eines Teams, einer Gemeinschaft und einer Familie zu wachsen. Der Weihnachtstag war ein deutliches Beispiel daf\u00fcr: Diejenigen, die normalerweise auf der Trib\u00fcne sitzen, konnten auf den Platz gehen, um Erfahrungen mit ihren T\u00f6chtern und S\u00f6hnen zu teilen, die Philosophie der Schule besser zu verstehen und vor allem, um Sport als Familie zu genie\u00dfen. Es wurden Erinnerungen geschaffen, die \u00fcber das sportliche Ergebnis hinausgehen und das Vertrauen und die Motivation jedes einzelnen Spielers st\u00e4rken.<\/p>\n\n\n\n<p>ITW Sport bedankt sich f\u00fcr die Teilnahme aller Familien und w\u00fcrdigt das Engagement seines technischen Teams, den Sport zug\u00e4nglich, inklusiv und voller Werte zu machen. \u201cDiese Tage erinnern uns daran, dass Sport mit Sinn, mit Leidenschaft und mit sozialer Wirkung gelebt wird\u201d, betonten die Organisatoren. Die Akademie wird sich weiterhin daf\u00fcr einsetzen, dass jedes Training und jede Veranstaltung die Gemeinschaft f\u00f6rdert und die Werte der CSR der Organisation festigt.<\/p>","protected":false},"excerpt":{"rendered":"<p>Am 27. Dezember 2025 organisierte ITW Sport im CEM Mundet in Barcelona einen ganz besonderen Weihnachtstag f\u00fcr Familien und Sportler.<\/p>","protected":false},"featured_media":8570,"template":"","meta":{"_acf_changed":true},"categories":[],"class_list":["post-8569","noticia-externa","type-noticia-externa","status-publish","has-post-thumbnail","hentry"],"acf":[],"yoast_head":"<!-- This site is optimized with the Yoast SEO plugin v26.4 - https:\/\/yoast.com\/wordpress\/plugins\/seo\/ -->\n<title>ITW\u00a0Sport celebra la Navidad junto a las familias - ITW Sport<\/title>\n<meta name=\"description\" content=\"El pasado 27 de diciembre de 2025, ITW Sport organiz\u00f3 en el CEM Mundet de Barcelona una jornada navide\u00f1a muy especial para familias y deportistas. Durante una tarde repleta de actividades, madres, padres y jugadores\/as compartieron pista, canastas y risas para reforzar el concepto de \u201cfamilia\u201d y celebrar juntos la Navidad.\" \/>\n<meta name=\"robots\" content=\"index, follow, max-snippet:-1, max-image-preview:large, max-video-preview:-1\" \/>\n<link rel=\"canonical\" href=\"https:\/\/itwsport.com\/de\/externe-nachrichten\/itw-sport-feiert-weihnachten-gemeinsam-mit-familien\/\" \/>\n<meta property=\"og:locale\" content=\"de_DE\" \/>\n<meta property=\"og:type\" content=\"article\" \/>\n<meta property=\"og:title\" content=\"ITW\u00a0Sport celebra la Navidad junto a las familias - ITW Sport\" \/>\n<meta property=\"og:description\" content=\"El pasado 27 de diciembre de 2025, ITW Sport organiz\u00f3 en el CEM Mundet de Barcelona una jornada navide\u00f1a muy especial para familias y deportistas. Durante una tarde repleta de actividades, madres, padres y jugadores\/as compartieron pista, canastas y risas para reforzar el concepto de \u201cfamilia\u201d y celebrar juntos la Navidad.\" \/>\n<meta property=\"og:url\" content=\"https:\/\/itwsport.com\/de\/externe-nachrichten\/itw-sport-feiert-weihnachten-gemeinsam-mit-familien\/\" \/>\n<meta property=\"og:site_name\" content=\"ITW Sport\" \/>\n<meta property=\"article:modified_time\" content=\"2026-01-07T12:15:57+00:00\" \/>\n<meta property=\"og:image\" content=\"https:\/\/itwsport.com\/wp-content\/uploads\/2026\/01\/navidad-familias-itw.jpg\" \/>\n\t<meta property=\"og:image:width\" content=\"800\" \/>\n\t<meta property=\"og:image:height\" content=\"534\" \/>\n\t<meta property=\"og:image:type\" content=\"image\/jpeg\" \/>\n<meta name=\"twitter:card\" content=\"summary_large_image\" \/>\n<meta name=\"twitter:label1\" content=\"Gesch\u00e4tzte Lesezeit\" \/>\n\t<meta name=\"twitter:data1\" content=\"2\u00a0Minuten\" \/>\n<script type=\"application\/ld+json\" class=\"yoast-schema-graph\">{\"@context\":\"https:\/\/schema.org\",\"@graph\":[{\"@type\":\"WebPage\",\"@id\":\"https:\/\/itwsport.com\/noticia-externa\/itw-sport-celebra-la-navidad-junto-a-las-familias\/\",\"url\":\"https:\/\/itwsport.com\/noticia-externa\/itw-sport-celebra-la-navidad-junto-a-las-familias\/\",\"name\":\"ITW\u00a0Sport celebra la Navidad junto a las familias - ITW Sport\",\"isPartOf\":{\"@id\":\"https:\/\/itwsport.com\/#website\"},\"primaryImageOfPage\":{\"@id\":\"https:\/\/itwsport.com\/noticia-externa\/itw-sport-celebra-la-navidad-junto-a-las-familias\/#primaryimage\"},\"image\":{\"@id\":\"https:\/\/itwsport.com\/noticia-externa\/itw-sport-celebra-la-navidad-junto-a-las-familias\/#primaryimage\"},\"thumbnailUrl\":\"https:\/\/itwsport.com\/wp-content\/uploads\/2026\/01\/navidad-familias-itw.jpg\",\"datePublished\":\"2026-01-07T12:09:51+00:00\",\"dateModified\":\"2026-01-07T12:15:57+00:00\",\"description\":\"El pasado 27 de diciembre de 2025, ITW Sport organiz\u00f3 en el CEM Mundet de Barcelona una jornada navide\u00f1a muy especial para familias y deportistas. Durante una tarde repleta de actividades, madres, padres y jugadores\/as compartieron pista, canastas y risas para reforzar el concepto de \u201cfamilia\u201d y celebrar juntos la Navidad.\",\"breadcrumb\":{\"@id\":\"https:\/\/itwsport.com\/noticia-externa\/itw-sport-celebra-la-navidad-junto-a-las-familias\/#breadcrumb\"},\"inLanguage\":\"de\",\"potentialAction\":[{\"@type\":\"ReadAction\",\"target\":[\"https:\/\/itwsport.com\/noticia-externa\/itw-sport-celebra-la-navidad-junto-a-las-familias\/\"]}]},{\"@type\":\"ImageObject\",\"inLanguage\":\"de\",\"@id\":\"https:\/\/itwsport.com\/noticia-externa\/itw-sport-celebra-la-navidad-junto-a-las-familias\/#primaryimage\",\"url\":\"https:\/\/itwsport.com\/wp-content\/uploads\/2026\/01\/navidad-familias-itw.jpg\",\"contentUrl\":\"https:\/\/itwsport.com\/wp-content\/uploads\/2026\/01\/navidad-familias-itw.jpg\",\"width\":800,\"height\":534},{\"@type\":\"BreadcrumbList\",\"@id\":\"https:\/\/itwsport.com\/noticia-externa\/itw-sport-celebra-la-navidad-junto-a-las-familias\/#breadcrumb\",\"itemListElement\":[{\"@type\":\"ListItem\",\"position\":1,\"name\":\"Portada\",\"item\":\"https:\/\/itwsport.com\/\"},{\"@type\":\"ListItem\",\"position\":2,\"name\":\"ITW\u00a0Sport celebra la Navidad junto a las familias\"}]},{\"@type\":\"WebSite\",\"@id\":\"https:\/\/itwsport.com\/#website\",\"url\":\"https:\/\/itwsport.com\/\",\"name\":\"ITW Sport\",\"description\":\"- Entrenamientos Deportivos\",\"publisher\":{\"@id\":\"https:\/\/itwsport.com\/#organization\"},\"potentialAction\":[{\"@type\":\"SearchAction\",\"target\":{\"@type\":\"EntryPoint\",\"urlTemplate\":\"https:\/\/itwsport.com\/?s={search_term_string}\"},\"query-input\":{\"@type\":\"PropertyValueSpecification\",\"valueRequired\":true,\"valueName\":\"search_term_string\"}}],\"inLanguage\":\"de\"},{\"@type\":\"Organization\",\"@id\":\"https:\/\/itwsport.com\/#organization\",\"name\":\"ITW Sport\",\"url\":\"https:\/\/itwsport.com\/\",\"logo\":{\"@type\":\"ImageObject\",\"inLanguage\":\"de\",\"@id\":\"https:\/\/itwsport.com\/#\/schema\/logo\/image\/\",\"url\":\"https:\/\/itwsport.com\/wp-content\/uploads\/2024\/03\/Recurso-58aaaa@4x.png\",\"contentUrl\":\"https:\/\/itwsport.com\/wp-content\/uploads\/2024\/03\/Recurso-58aaaa@4x.png\",\"width\":673,\"height\":178,\"caption\":\"ITW Sport\"},\"image\":{\"@id\":\"https:\/\/itwsport.com\/#\/schema\/logo\/image\/\"}}]}<\/script>\n<!-- \/ Yoast SEO plugin. -->","yoast_head_json":{"title":"ITW Sport feiert Weihnachten mit Familien - ITW Sport","description":"Am 27. Dezember 2025 organisierte ITW Sport einen ganz besonderen Weihnachtstag f\u00fcr Familien und Sportler im CEM Mundet in Barcelona. W\u00e4hrend eines Nachmittags voller Aktivit\u00e4ten teilten sich M\u00fctter, V\u00e4ter und Spieler den Platz, die K\u00f6rbe und das Lachen, um das Konzept der \u201cFamilie\u201d zu st\u00e4rken und gemeinsam Weihnachten zu feiern.","robots":{"index":"index","follow":"follow","max-snippet":"max-snippet:-1","max-image-preview":"max-image-preview:large","max-video-preview":"max-video-preview:-1"},"canonical":"https:\/\/itwsport.com\/de\/externe-nachrichten\/itw-sport-feiert-weihnachten-gemeinsam-mit-familien\/","og_locale":"de_DE","og_type":"article","og_title":"ITW\u00a0Sport celebra la Navidad junto a las familias - ITW Sport","og_description":"El pasado 27 de diciembre de 2025, ITW Sport organiz\u00f3 en el CEM Mundet de Barcelona una jornada navide\u00f1a muy especial para familias y deportistas. Durante una tarde repleta de actividades, madres, padres y jugadores\/as compartieron pista, canastas y risas para reforzar el concepto de \u201cfamilia\u201d y celebrar juntos la Navidad.","og_url":"https:\/\/itwsport.com\/de\/externe-nachrichten\/itw-sport-feiert-weihnachten-gemeinsam-mit-familien\/","og_site_name":"ITW Sport","article_modified_time":"2026-01-07T12:15:57+00:00","og_image":[{"width":800,"height":534,"url":"https:\/\/itwsport.com\/wp-content\/uploads\/2026\/01\/navidad-familias-itw.jpg","type":"image\/jpeg"}],"twitter_card":"summary_large_image","twitter_misc":{"Gesch\u00e4tzte Lesezeit":"2\u00a0Minuten"},"schema":{"@context":"https:\/\/schema.org","@graph":[{"@type":"WebPage","@id":"https:\/\/itwsport.com\/noticia-externa\/itw-sport-celebra-la-navidad-junto-a-las-familias\/","url":"https:\/\/itwsport.com\/noticia-externa\/itw-sport-celebra-la-navidad-junto-a-las-familias\/","name":"ITW Sport feiert Weihnachten mit Familien - ITW Sport","isPartOf":{"@id":"https:\/\/itwsport.com\/#website"},"primaryImageOfPage":{"@id":"https:\/\/itwsport.com\/noticia-externa\/itw-sport-celebra-la-navidad-junto-a-las-familias\/#primaryimage"},"image":{"@id":"https:\/\/itwsport.com\/noticia-externa\/itw-sport-celebra-la-navidad-junto-a-las-familias\/#primaryimage"},"thumbnailUrl":"https:\/\/itwsport.com\/wp-content\/uploads\/2026\/01\/navidad-familias-itw.jpg","datePublished":"2026-01-07T12:09:51+00:00","dateModified":"2026-01-07T12:15:57+00:00","description":"Am 27. Dezember 2025 organisierte ITW Sport einen ganz besonderen Weihnachtstag f\u00fcr Familien und Sportler im CEM Mundet in Barcelona. W\u00e4hrend eines Nachmittags voller Aktivit\u00e4ten teilten sich M\u00fctter, V\u00e4ter und Spieler den Platz, die K\u00f6rbe und das Lachen, um das Konzept der \u201cFamilie\u201d zu st\u00e4rken und gemeinsam Weihnachten zu feiern.","breadcrumb":{"@id":"https:\/\/itwsport.com\/noticia-externa\/itw-sport-celebra-la-navidad-junto-a-las-familias\/#breadcrumb"},"inLanguage":"de","potentialAction":[{"@type":"ReadAction","target":["https:\/\/itwsport.com\/noticia-externa\/itw-sport-celebra-la-navidad-junto-a-las-familias\/"]}]},{"@type":"ImageObject","inLanguage":"de","@id":"https:\/\/itwsport.com\/noticia-externa\/itw-sport-celebra-la-navidad-junto-a-las-familias\/#primaryimage","url":"https:\/\/itwsport.com\/wp-content\/uploads\/2026\/01\/navidad-familias-itw.jpg","contentUrl":"https:\/\/itwsport.com\/wp-content\/uploads\/2026\/01\/navidad-familias-itw.jpg","width":800,"height":534},{"@type":"BreadcrumbList","@id":"https:\/\/itwsport.com\/noticia-externa\/itw-sport-celebra-la-navidad-junto-a-las-familias\/#breadcrumb","itemListElement":[{"@type":"ListItem","position":1,"name":"Portada","item":"https:\/\/itwsport.com\/"},{"@type":"ListItem","position":2,"name":"ITW\u00a0Sport celebra la Navidad junto a las familias"}]},{"@type":"WebSite","@id":"https:\/\/itwsport.com\/#website","url":"https:\/\/itwsport.com\/","name":"ITW Sport","description":"- Sportliche Ausbildung","publisher":{"@id":"https:\/\/itwsport.com\/#organization"},"potentialAction":[{"@type":"SearchAction","target":{"@type":"EntryPoint","urlTemplate":"https:\/\/itwsport.com\/?s={search_term_string}"},"query-input":{"@type":"PropertyValueSpecification","valueRequired":true,"valueName":"search_term_string"}}],"inLanguage":"de"},{"@type":"Organization","@id":"https:\/\/itwsport.com\/#organization","name":"ITW Sport","url":"https:\/\/itwsport.com\/","logo":{"@type":"ImageObject","inLanguage":"de","@id":"https:\/\/itwsport.com\/#\/schema\/logo\/image\/","url":"https:\/\/itwsport.com\/wp-content\/uploads\/2024\/03\/Recurso-58aaaa@4x.png","contentUrl":"https:\/\/itwsport.com\/wp-content\/uploads\/2024\/03\/Recurso-58aaaa@4x.png","width":673,"height":178,"caption":"ITW Sport"},"image":{"@id":"https:\/\/itwsport.com\/#\/schema\/logo\/image\/"}}]}},"_links":{"self":[{"href":"https:\/\/itwsport.com\/de\/wp-json\/wp\/v2\/noticia-externa\/8569","targetHints":{"allow":["GET"]}}],"collection":[{"href":"https:\/\/itwsport.com\/de\/wp-json\/wp\/v2\/noticia-externa"}],"about":[{"href":"https:\/\/itwsport.com\/de\/wp-json\/wp\/v2\/types\/noticia-externa"}],"wp:featuredmedia":[{"embeddable":true,"href":"https:\/\/itwsport.com\/de\/wp-json\/wp\/v2\/media\/8570"}],"wp:attachment":[{"href":"https:\/\/itwsport.com\/de\/wp-json\/wp\/v2\/media?parent=8569"}],"wp:term":[{"taxonomy":"category","embeddable":true,"href":"https:\/\/itwsport.com\/de\/wp-json\/wp\/v2\/categories?post=8569"}],"curies":[{"name":"wp","href":"https:\/\/api.w.org\/{rel}","templated":true}]}}