{"id":8552,"date":"2026-01-05T14:13:50","date_gmt":"2026-01-05T14:13:50","guid":{"rendered":"https:\/\/itwsport.com\/?post_type=noticia-externa&#038;p=8552"},"modified":"2026-01-05T15:17:52","modified_gmt":"2026-01-05T15:17:52","slug":"integrativer-technischer-trainingstag-in-barcelona-basketball-schwimmen-und-leichtathletik-mit-acell-und-itw-sport","status":"publish","type":"noticia-externa","link":"https:\/\/itwsport.com\/de\/externe-nachrichten\/integrativer-technischer-trainingstag-in-barcelona-basketball-schwimmen-und-leichtathletik-mit-acell-und-itw-sport\/","title":{"rendered":"Tag der inklusiven Technik in Barcelona: Basketball, Schwimmen und Leichtathletik mit ACELL und ITW Sport"},"content":{"rendered":"<h2 class=\"wp-block-heading\">Eine Veranstaltung zum Start ins Jahr 2026 mit Schwerpunkt auf der Inklusion<\/h2>\n\n\n\n<p>Das Jahr begann auf die bestm\u00f6gliche Art und Weise: gemeinsamer Sport, Lernen und L\u00e4cheln.<br>Die Vergangenheit <strong>3. Januar 2026<\/strong>, die <strong>CEM Mundet aus Barcelona<\/strong> war der Schauplatz eines <strong>Tag der inklusiven Technisierung<\/strong> die Sportler, Trainer und Familien mit der gleichen Idee zusammenbrachte: dass Sport f\u00fcr alle da ist.<\/p>\n\n\n\n<p>Die Aktivit\u00e4t, die zusammen mit dem <strong>ACELL F\u00f6deration<\/strong> y <strong>ITW Sport<\/strong>, kombiniert <strong>Basketball, Schwimmen und Leichtathletik<\/strong> und ist Teil der Politik der <strong>Soziale Verantwortung von ITW Sport<\/strong>, die den Sport als ein echtes Instrument f\u00fcr den sozialen Wandel begreift.<\/p>\n\n\n\n<p>Denn f\u00fcr ITW Sport geht es beim Training nicht nur darum, eine Technik zu verbessern: Es geht darum, sichere, zug\u00e4ngliche R\u00e4ume zu schaffen, in denen man wachsen kann.<\/p>\n\n\n\n<h2 class=\"wp-block-heading\">Programmgestaltung und Entwicklung des Tages<\/h2>\n\n\n\n<p>Die Aufforderung zur Einreichung von Vorschl\u00e4gen, die von ACELL im Oktober 2025 ver\u00f6ffentlicht wurde, sah ein Treffen vor, bei dem <strong>drei Stunden (von 17:00 bis 20:00 Uhr)<\/strong> mit zwei Registrierungsmodalit\u00e4ten:<\/p>\n\n\n\n<ul class=\"wp-block-list\">\n<li><strong>Basketball<\/strong><\/li>\n\n\n\n<li><strong>Schwimmen + Leichtathletik<\/strong><\/li>\n<\/ul>\n\n\n\n<p>Die Sitzungen wurden geleitet von <strong>ITW Sport professionelle Trainer<\/strong>, spezialisiert auf Training und Anpassung, mit dem Ziel, die F\u00e4higkeiten eines jeden Sportlers durch Respekt, N\u00e4he und Motivation zu verbessern.<\/p>\n\n\n\n<p>Tags\u00fcber:<\/p>\n\n\n\n<ul class=\"wp-block-list\">\n<li>In der <strong>Basketballplatz<\/strong>, Dar\u00fcber hinaus wurden Grundlagen wie Prellen, Passen und Schie\u00dfen trainiert.<\/li>\n\n\n\n<li>In der <strong>Schwimmbad und Leichtathletikbahn<\/strong>, Die Gruppen \u00fcbten sich in Schwimmz\u00fcgen, Staffeln und Sprintdisziplinen.<\/li>\n<\/ul>\n\n\n\n<p>Neben der technischen Arbeit konzentrierten sich die Trainer auf die Grundwerte:<br><strong>Kameradschaft, Selbstwertgef\u00fchl, Anstrengung und Disziplin<\/strong>.<br>Zum Abschluss erhielt jeder Teilnehmer seine <strong>offizielles T-Shirt<\/strong>, ein kleines Andenken an ein gro\u00dfartiges Erlebnis.<\/p>\n\n\n\n<h2 class=\"wp-block-heading\">Das soziale Engagement von ITW Sport<\/h2>\n\n\n\n<p>Dieser Tag ist Teil des Engagements von ITW Sport f\u00fcr einen Sport, der <strong>erzieht, begleitet und pflegt<\/strong>. Im Rahmen seines Programms zur sozialen Verantwortung der Unternehmen f\u00f6rdert das Unternehmen Projekte, die:<\/p>\n\n\n\n<ul class=\"wp-block-list\">\n<li>F\u00f6rderung eines gesunden Lebensstils<\/li>\n\n\n\n<li>F\u00f6rderung des k\u00f6rperlichen und emotionalen Wohlbefindens<\/li>\n\n\n\n<li>Sie entwerfen Programme, die an unterschiedliche Kontexte angepasst sind.<\/li>\n\n\n\n<li>F\u00f6rderung des Frauensports<\/li>\n\n\n\n<li>Sie arbeiten mit sozialen und p\u00e4dagogischen Organisationen zusammen<\/li>\n<\/ul>\n\n\n\n<p>Die Vereinbarung zwischen ITW Sport und Federaci\u00f3 ACELL wurde mit einem klaren Ziel geboren: <strong>weiterhin integrative Technologietage zu veranstalten<\/strong> um den Trainingssport mehr Menschen n\u00e4her zu bringen.<\/p>\n\n\n\n<h2 class=\"wp-block-heading\">Blick in die Zukunft<\/h2>\n\n\n\n<p>geteilt: <strong>dies ist kein einmaliges Ereignis, sondern eine Reise<\/strong>.<\/p>\n\n\n\n<p>Im Laufe des Jahres werden weiterhin neue Tage gef\u00f6rdert, die an fr\u00fchere Erfahrungen ankn\u00fcpfen, wie z. B. der Tag der Basketballtechnik, der im M\u00e4rz 2025 in Lleida stattfand. Aktionen, die zeigen, dass Sport, wenn er gut gemacht ist, seine Spuren hinterl\u00e4sst.<\/p>\n\n\n\n<h2 class=\"wp-block-heading\">Weitere Informationen finden Sie unter<\/h2>\n\n\n\n<p>Fotos des Tages, die die Athleten bei der Teilnahme an den Aktivit\u00e4ten und bei der Entgegennahme ihrer Geschenke zeigen, sind auf der Website&nbsp;<a rel=\"noreferrer noopener\" href=\"https:\/\/www.flickr.com\/photos\/198824310@N03\/albums\/72177720331270462\" target=\"_blank\">ITW Sport Flickr-Album<\/a>. Weitere Informationen \u00fcber das Programm zur sozialen Verantwortung der Unternehmen finden Sie in dem entsprechenden Abschnitt der ITW Sport-Website. Und f\u00fcr k\u00fcnftige Veranstaltungen und Aufrufe empfehlen wir, die Ver\u00f6ffentlichungen von&nbsp;<strong>ACELL<\/strong>&nbsp;auf seiner Website und in den sozialen Netzwerken.<\/p>\n\n\n\n<p><\/p>\n\n\n\n<p><\/p>","protected":false},"excerpt":{"rendered":"<p>Eine Veranstaltung zum Auftakt des Jahres 2026 mit Schwerpunkt auf der Inklusion<\/p>","protected":false},"featured_media":8567,"template":"","meta":{"_acf_changed":false},"categories":[],"class_list":["post-8552","noticia-externa","type-noticia-externa","status-publish","has-post-thumbnail","hentry"],"acf":[],"yoast_head":"<!-- This site is optimized with the Yoast SEO plugin v26.4 - https:\/\/yoast.com\/wordpress\/plugins\/seo\/ -->\n<title>Jornada de tecnificaci\u00f3n inclusiva en Barcelona: baloncesto, nataci\u00f3n y atletismo con ACELL e ITW Sport - ITW Sport<\/title>\n<meta name=\"description\" content=\"El deporte ayuda a las personas con discapacidades intelectuales a conectar, hacer amistades y mejorar su bienestar, promoviendo la inclusi\u00f3n y la equidad.\" \/>\n<meta name=\"robots\" content=\"index, follow, max-snippet:-1, max-image-preview:large, max-video-preview:-1\" \/>\n<link rel=\"canonical\" href=\"https:\/\/itwsport.com\/de\/externe-nachrichten\/integrativer-technischer-trainingstag-in-barcelona-basketball-schwimmen-und-leichtathletik-mit-acell-und-itw-sport\/\" \/>\n<meta property=\"og:locale\" content=\"de_DE\" \/>\n<meta property=\"og:type\" content=\"article\" \/>\n<meta property=\"og:title\" content=\"Jornada de tecnificaci\u00f3n inclusiva en Barcelona: baloncesto, nataci\u00f3n y atletismo con ACELL e ITW Sport - ITW Sport\" \/>\n<meta property=\"og:description\" content=\"El deporte ayuda a las personas con discapacidades intelectuales a conectar, hacer amistades y mejorar su bienestar, promoviendo la inclusi\u00f3n y la equidad.\" \/>\n<meta property=\"og:url\" content=\"https:\/\/itwsport.com\/de\/externe-nachrichten\/integrativer-technischer-trainingstag-in-barcelona-basketball-schwimmen-und-leichtathletik-mit-acell-und-itw-sport\/\" \/>\n<meta property=\"og:site_name\" content=\"ITW Sport\" \/>\n<meta property=\"article:modified_time\" content=\"2026-01-05T15:17:52+00:00\" \/>\n<meta property=\"og:image\" content=\"https:\/\/itwsport.com\/wp-content\/uploads\/2026\/01\/55023480181_09ca629d86_c.jpg\" \/>\n\t<meta property=\"og:image:width\" content=\"800\" \/>\n\t<meta property=\"og:image:height\" content=\"600\" \/>\n\t<meta property=\"og:image:type\" content=\"image\/jpeg\" \/>\n<meta name=\"twitter:card\" content=\"summary_large_image\" \/>\n<meta name=\"twitter:label1\" content=\"Gesch\u00e4tzte Lesezeit\" \/>\n\t<meta name=\"twitter:data1\" content=\"3\u00a0Minuten\" \/>\n<script type=\"application\/ld+json\" class=\"yoast-schema-graph\">{\"@context\":\"https:\/\/schema.org\",\"@graph\":[{\"@type\":\"WebPage\",\"@id\":\"https:\/\/itwsport.com\/noticia-externa\/jornada-de-tecnificacion-inclusiva-en-barcelona-baloncesto-natacion-y-atletismo-con-acell-e-itw-sport\/\",\"url\":\"https:\/\/itwsport.com\/noticia-externa\/jornada-de-tecnificacion-inclusiva-en-barcelona-baloncesto-natacion-y-atletismo-con-acell-e-itw-sport\/\",\"name\":\"Jornada de tecnificaci\u00f3n inclusiva en Barcelona: baloncesto, nataci\u00f3n y atletismo con ACELL e ITW Sport - ITW Sport\",\"isPartOf\":{\"@id\":\"https:\/\/itwsport.com\/#website\"},\"primaryImageOfPage\":{\"@id\":\"https:\/\/itwsport.com\/noticia-externa\/jornada-de-tecnificacion-inclusiva-en-barcelona-baloncesto-natacion-y-atletismo-con-acell-e-itw-sport\/#primaryimage\"},\"image\":{\"@id\":\"https:\/\/itwsport.com\/noticia-externa\/jornada-de-tecnificacion-inclusiva-en-barcelona-baloncesto-natacion-y-atletismo-con-acell-e-itw-sport\/#primaryimage\"},\"thumbnailUrl\":\"https:\/\/itwsport.com\/wp-content\/uploads\/2026\/01\/55023480181_09ca629d86_c.jpg\",\"datePublished\":\"2026-01-05T14:13:50+00:00\",\"dateModified\":\"2026-01-05T15:17:52+00:00\",\"description\":\"El deporte ayuda a las personas con discapacidades intelectuales a conectar, hacer amistades y mejorar su bienestar, promoviendo la inclusi\u00f3n y la equidad.\",\"breadcrumb\":{\"@id\":\"https:\/\/itwsport.com\/noticia-externa\/jornada-de-tecnificacion-inclusiva-en-barcelona-baloncesto-natacion-y-atletismo-con-acell-e-itw-sport\/#breadcrumb\"},\"inLanguage\":\"de\",\"potentialAction\":[{\"@type\":\"ReadAction\",\"target\":[\"https:\/\/itwsport.com\/noticia-externa\/jornada-de-tecnificacion-inclusiva-en-barcelona-baloncesto-natacion-y-atletismo-con-acell-e-itw-sport\/\"]}]},{\"@type\":\"ImageObject\",\"inLanguage\":\"de\",\"@id\":\"https:\/\/itwsport.com\/noticia-externa\/jornada-de-tecnificacion-inclusiva-en-barcelona-baloncesto-natacion-y-atletismo-con-acell-e-itw-sport\/#primaryimage\",\"url\":\"https:\/\/itwsport.com\/wp-content\/uploads\/2026\/01\/55023480181_09ca629d86_c.jpg\",\"contentUrl\":\"https:\/\/itwsport.com\/wp-content\/uploads\/2026\/01\/55023480181_09ca629d86_c.jpg\",\"width\":800,\"height\":600},{\"@type\":\"BreadcrumbList\",\"@id\":\"https:\/\/itwsport.com\/noticia-externa\/jornada-de-tecnificacion-inclusiva-en-barcelona-baloncesto-natacion-y-atletismo-con-acell-e-itw-sport\/#breadcrumb\",\"itemListElement\":[{\"@type\":\"ListItem\",\"position\":1,\"name\":\"Portada\",\"item\":\"https:\/\/itwsport.com\/\"},{\"@type\":\"ListItem\",\"position\":2,\"name\":\"Jornada de tecnificaci\u00f3n inclusiva en Barcelona: baloncesto, nataci\u00f3n y atletismo con ACELL e ITW Sport\"}]},{\"@type\":\"WebSite\",\"@id\":\"https:\/\/itwsport.com\/#website\",\"url\":\"https:\/\/itwsport.com\/\",\"name\":\"ITW Sport\",\"description\":\"- Entrenamientos Deportivos\",\"publisher\":{\"@id\":\"https:\/\/itwsport.com\/#organization\"},\"potentialAction\":[{\"@type\":\"SearchAction\",\"target\":{\"@type\":\"EntryPoint\",\"urlTemplate\":\"https:\/\/itwsport.com\/?s={search_term_string}\"},\"query-input\":{\"@type\":\"PropertyValueSpecification\",\"valueRequired\":true,\"valueName\":\"search_term_string\"}}],\"inLanguage\":\"de\"},{\"@type\":\"Organization\",\"@id\":\"https:\/\/itwsport.com\/#organization\",\"name\":\"ITW Sport\",\"url\":\"https:\/\/itwsport.com\/\",\"logo\":{\"@type\":\"ImageObject\",\"inLanguage\":\"de\",\"@id\":\"https:\/\/itwsport.com\/#\/schema\/logo\/image\/\",\"url\":\"https:\/\/itwsport.com\/wp-content\/uploads\/2024\/03\/Recurso-58aaaa@4x.png\",\"contentUrl\":\"https:\/\/itwsport.com\/wp-content\/uploads\/2024\/03\/Recurso-58aaaa@4x.png\",\"width\":673,\"height\":178,\"caption\":\"ITW Sport\"},\"image\":{\"@id\":\"https:\/\/itwsport.com\/#\/schema\/logo\/image\/\"}}]}<\/script>\n<!-- \/ Yoast SEO plugin. -->","yoast_head_json":{"title":"Tag der inklusiven Technik in Barcelona: Basketball, Schwimmen und Leichtathletik mit ACELL und ITW Sport - ITW Sport","description":"Sport hilft Menschen mit geistigen Behinderungen, Kontakte zu kn\u00fcpfen, Freundschaften zu schlie\u00dfen und ihr Wohlbefinden zu verbessern, und f\u00f6rdert so Integration und Gleichberechtigung.","robots":{"index":"index","follow":"follow","max-snippet":"max-snippet:-1","max-image-preview":"max-image-preview:large","max-video-preview":"max-video-preview:-1"},"canonical":"https:\/\/itwsport.com\/de\/externe-nachrichten\/integrativer-technischer-trainingstag-in-barcelona-basketball-schwimmen-und-leichtathletik-mit-acell-und-itw-sport\/","og_locale":"de_DE","og_type":"article","og_title":"Jornada de tecnificaci\u00f3n inclusiva en Barcelona: baloncesto, nataci\u00f3n y atletismo con ACELL e ITW Sport - ITW Sport","og_description":"El deporte ayuda a las personas con discapacidades intelectuales a conectar, hacer amistades y mejorar su bienestar, promoviendo la inclusi\u00f3n y la equidad.","og_url":"https:\/\/itwsport.com\/de\/externe-nachrichten\/integrativer-technischer-trainingstag-in-barcelona-basketball-schwimmen-und-leichtathletik-mit-acell-und-itw-sport\/","og_site_name":"ITW Sport","article_modified_time":"2026-01-05T15:17:52+00:00","og_image":[{"width":800,"height":600,"url":"https:\/\/itwsport.com\/wp-content\/uploads\/2026\/01\/55023480181_09ca629d86_c.jpg","type":"image\/jpeg"}],"twitter_card":"summary_large_image","twitter_misc":{"Gesch\u00e4tzte Lesezeit":"3\u00a0Minuten"},"schema":{"@context":"https:\/\/schema.org","@graph":[{"@type":"WebPage","@id":"https:\/\/itwsport.com\/noticia-externa\/jornada-de-tecnificacion-inclusiva-en-barcelona-baloncesto-natacion-y-atletismo-con-acell-e-itw-sport\/","url":"https:\/\/itwsport.com\/noticia-externa\/jornada-de-tecnificacion-inclusiva-en-barcelona-baloncesto-natacion-y-atletismo-con-acell-e-itw-sport\/","name":"Tag der inklusiven Technik in Barcelona: Basketball, Schwimmen und Leichtathletik mit ACELL und ITW Sport - ITW Sport","isPartOf":{"@id":"https:\/\/itwsport.com\/#website"},"primaryImageOfPage":{"@id":"https:\/\/itwsport.com\/noticia-externa\/jornada-de-tecnificacion-inclusiva-en-barcelona-baloncesto-natacion-y-atletismo-con-acell-e-itw-sport\/#primaryimage"},"image":{"@id":"https:\/\/itwsport.com\/noticia-externa\/jornada-de-tecnificacion-inclusiva-en-barcelona-baloncesto-natacion-y-atletismo-con-acell-e-itw-sport\/#primaryimage"},"thumbnailUrl":"https:\/\/itwsport.com\/wp-content\/uploads\/2026\/01\/55023480181_09ca629d86_c.jpg","datePublished":"2026-01-05T14:13:50+00:00","dateModified":"2026-01-05T15:17:52+00:00","description":"Sport hilft Menschen mit geistigen Behinderungen, Kontakte zu kn\u00fcpfen, Freundschaften zu schlie\u00dfen und ihr Wohlbefinden zu verbessern, und f\u00f6rdert so Integration und Gleichberechtigung.","breadcrumb":{"@id":"https:\/\/itwsport.com\/noticia-externa\/jornada-de-tecnificacion-inclusiva-en-barcelona-baloncesto-natacion-y-atletismo-con-acell-e-itw-sport\/#breadcrumb"},"inLanguage":"de","potentialAction":[{"@type":"ReadAction","target":["https:\/\/itwsport.com\/noticia-externa\/jornada-de-tecnificacion-inclusiva-en-barcelona-baloncesto-natacion-y-atletismo-con-acell-e-itw-sport\/"]}]},{"@type":"ImageObject","inLanguage":"de","@id":"https:\/\/itwsport.com\/noticia-externa\/jornada-de-tecnificacion-inclusiva-en-barcelona-baloncesto-natacion-y-atletismo-con-acell-e-itw-sport\/#primaryimage","url":"https:\/\/itwsport.com\/wp-content\/uploads\/2026\/01\/55023480181_09ca629d86_c.jpg","contentUrl":"https:\/\/itwsport.com\/wp-content\/uploads\/2026\/01\/55023480181_09ca629d86_c.jpg","width":800,"height":600},{"@type":"BreadcrumbList","@id":"https:\/\/itwsport.com\/noticia-externa\/jornada-de-tecnificacion-inclusiva-en-barcelona-baloncesto-natacion-y-atletismo-con-acell-e-itw-sport\/#breadcrumb","itemListElement":[{"@type":"ListItem","position":1,"name":"Portada","item":"https:\/\/itwsport.com\/"},{"@type":"ListItem","position":2,"name":"Jornada de tecnificaci\u00f3n inclusiva en Barcelona: baloncesto, nataci\u00f3n y atletismo con ACELL e ITW Sport"}]},{"@type":"WebSite","@id":"https:\/\/itwsport.com\/#website","url":"https:\/\/itwsport.com\/","name":"ITW Sport","description":"- Sportliche Ausbildung","publisher":{"@id":"https:\/\/itwsport.com\/#organization"},"potentialAction":[{"@type":"SearchAction","target":{"@type":"EntryPoint","urlTemplate":"https:\/\/itwsport.com\/?s={search_term_string}"},"query-input":{"@type":"PropertyValueSpecification","valueRequired":true,"valueName":"search_term_string"}}],"inLanguage":"de"},{"@type":"Organization","@id":"https:\/\/itwsport.com\/#organization","name":"ITW Sport","url":"https:\/\/itwsport.com\/","logo":{"@type":"ImageObject","inLanguage":"de","@id":"https:\/\/itwsport.com\/#\/schema\/logo\/image\/","url":"https:\/\/itwsport.com\/wp-content\/uploads\/2024\/03\/Recurso-58aaaa@4x.png","contentUrl":"https:\/\/itwsport.com\/wp-content\/uploads\/2024\/03\/Recurso-58aaaa@4x.png","width":673,"height":178,"caption":"ITW Sport"},"image":{"@id":"https:\/\/itwsport.com\/#\/schema\/logo\/image\/"}}]}},"_links":{"self":[{"href":"https:\/\/itwsport.com\/de\/wp-json\/wp\/v2\/noticia-externa\/8552","targetHints":{"allow":["GET"]}}],"collection":[{"href":"https:\/\/itwsport.com\/de\/wp-json\/wp\/v2\/noticia-externa"}],"about":[{"href":"https:\/\/itwsport.com\/de\/wp-json\/wp\/v2\/types\/noticia-externa"}],"wp:featuredmedia":[{"embeddable":true,"href":"https:\/\/itwsport.com\/de\/wp-json\/wp\/v2\/media\/8567"}],"wp:attachment":[{"href":"https:\/\/itwsport.com\/de\/wp-json\/wp\/v2\/media?parent=8552"}],"wp:term":[{"taxonomy":"category","embeddable":true,"href":"https:\/\/itwsport.com\/de\/wp-json\/wp\/v2\/categories?post=8552"}],"curies":[{"name":"wp","href":"https:\/\/api.w.org\/{rel}","templated":true}]}}