{"id":3531,"date":"2020-05-27T15:45:00","date_gmt":"2020-05-27T15:45:00","guid":{"rendered":"https:\/\/itw.hilldevelop.com\/?p=3531"},"modified":"2025-11-19T14:20:48","modified_gmt":"2025-11-19T14:20:48","slug":"capsulitis-a-larticulacio-interfalangica-de-la-ma","status":"publish","type":"post","link":"https:\/\/itwsport.com\/ca\/capsulitis-a-larticulacio-interfalangica-de-la-ma\/","title":{"rendered":"Capsulitis a l'articulaci\u00f3 interfal\u00e0ngica de la m\u00e0"},"content":{"rendered":"<p class=\"translation-block\">El significat del terme capsulitis \u00e9s \u201c<strong>inflamaci\u00f3 de la c\u00e0psula articular<\/strong>\u201d. La zona m\u00e9s freq\u00fcent on sol oc\u00f3rrer \u00e9s a les articulacions interfal\u00e0ngiques (les articulacions entre les falanges dels dits).<\/p>\n\n\n\n<p class=\"translation-block\">Per qu\u00e8 s\u00f3n tan habituals en els jugadors de b\u00e0squet? La resposta \u00e9s senzilla: perqu\u00e8 practiquen un esport en qu\u00e8 hi ha un <strong>gran contacte entre la pilota i les mans.<\/strong><\/p>\n\n\n\n<p class=\"translation-block\">Com puc saber si el que m\u2019he fet \u00e9s una capsulitis? Cal anar sempre a un professional perqu\u00e8 valori si hi ha alguna lesi\u00f3 de m\u00e9s gravetat, per\u00f2 els principals s\u00edmptomes s\u00f3n: <strong>inflamaci\u00f3<\/strong> (veurem un augment del gruix de l\u2019articulaci\u00f3 afectada), <strong>dolor constant<\/strong> i <strong>rigidesa articular,<\/strong> \u00e9s a dir, hi haur\u00e0 moviments que seran dif\u00edcils de realitzar [1]. Tamb\u00e9 \u00e9s possible que aparegui una <strong>equimosi<\/strong>, el que tothom coneix com \u201cun blau\u201d.<\/p>\n\n\n\n<h2 class=\"wp-block-heading has-medium-font-size\">ETIOLOGIA<\/h2>\n\n\n\n<p class=\"translation-block\">La causa principal d\u2019aquesta lesi\u00f3 \u00e9s un <strong>traumatisme<\/strong>, en qu\u00e8 la pilota impacta frontalment amb el dit [1].<\/p>\n\n\n\n<h2 class=\"wp-block-heading has-medium-font-size\">PREVENCI\u00d3<\/h2>\n\n\n\n<p>La prevenci\u00f3 \u00e9s pr\u00e0cticament nul\u00b7la, ja que es produeix per cops fortu\u00efts.<\/p>\n\n\n\n<h2 class=\"wp-block-heading has-medium-font-size\">TRACTAMENT DE LA CAPSULITIS<\/h2>\n\n\n\n<p class=\"translation-block\">Se sol recomanar l\u2019\u00fas de <strong>crioter\u00e0pia<\/strong> per a la inflamaci\u00f3 (aplicaci\u00f3 de gel), per\u00f2 \u00e9s preferible evitar-la, ja que la inflamaci\u00f3 \u00e9s una estrat\u00e8gia de l\u2019organisme perqu\u00e8 arribin a la zona totes les c\u00e8l\u00b7lules encarregades de regenerar el teixit danyat. Per tant, l\u2019\u00fas de la crioter\u00e0pia ha de ser limitat (per afavorir una m\u00ednima inflamaci\u00f3) i nom\u00e9s s\u2019ha d\u2019utilitzar en cas que la inflamaci\u00f3 sigui excessiva o hi hagi molt dolor.<\/p>\n\n\n\n<p class=\"translation-block\">Per\u00f2, quin \u00e9s el tractament estrella per a les capsulitis interfal\u00e0ngiques? Sens dubte, la immobilitzaci\u00f3 amb <strong>tapping<\/strong> (encara que si hi ha molt dolor i inflamaci\u00f3, \u00e9s possible que l\u2019alternativa m\u00e8dica sigui la col\u00b7locaci\u00f3 d\u2019una <strong>f\u00e8rula passiva<\/strong>) [1]. Segur que has vist m\u00e9s d\u2019un jugador de b\u00e0squet amb els dits embenats junts o amb un embenatge en un sol dit. La tend\u00e8ncia actual \u00e9s embenar amb tapping nom\u00e9s el dit afectat, per no perjudicar la mobilitat del dit contigu, tot i que hi ha t\u00e8cniques molt variades i cal utilitzar una o una altra segons cada persona.<\/p>\n\n\n\n<div class=\"wp-block-buttons is-content-justification-center is-layout-flex wp-container-core-buttons-is-layout-16018d1d wp-block-buttons-is-layout-flex\">\n<div class=\"wp-block-button\"><a class=\"wp-block-button__link has-white-color has-vivid-red-background-color has-text-color has-background has-link-color has-text-align-center wp-element-button\" href=\"https:\/\/coachlorenzo.com\/\" rel=\"\">Vull millorar com a jugador<\/a><\/div>\n<\/div>\n\n\n\n<h2 class=\"wp-block-heading has-medium-font-size\">PAUTES GENERALS PER A FER EL TAPPING<\/h2>\n\n\n\n<p>A continuaci\u00f3, es presenta un exemple de tapping que busca limitar el moviment de flexi\u00f3 de l\u2019articulaci\u00f3 interfal\u00e0ngica afectada, per\u00f2 es recomana consultar sempre amb un especialista, ja que es requereix un tractament individualitzat per a cada cas.<\/p>\n\n\n\n<div class=\"wp-block-group is-nowrap is-layout-flex wp-container-core-group-is-layout-ad2f72ca wp-block-group-is-layout-flex\">\n<ol class=\"wp-block-list\">\n<li>El dit en qu\u00e8 es far\u00e0 el tapping ha d\u2019estar net i completament sec, sin\u00f3, el tape no s\u2019enganxar\u00e0 com cal.<\/li>\n\n\n\n<li>Si no tenim tape petit, podem utilitzar-ne un de 2,5 cm d\u2019amplada i tallar-lo per la meitat.<\/li>\n\n\n\n<li>A l\u2019hora de posar el embenatge, \u00e9s important que el dit estigui en extensi\u00f3.<\/li>\n\n\n\n<li>Cal tenir en compte que, si la lesi\u00f3 s\u2019acaba de produir i es fa el tapping de seguida, no s\u2019ha d\u2019estr\u00e8nyer, ja que es podria inflamar i l\u2019embenatge comprimiria massa el dit, causant dolor.<\/li>\n\n\n\n<li>Si el tapping es fa perqu\u00e8 l\u2019esportista pugui continuar jugant, es recomana canviar-lo quan comenci a desenganxar-se pel suor o pel contacte amb la pilota.<\/li>\n\n\n\n<li>Un cop acabat l\u2019entrenament o el partit, cal treure l\u2019embolcall i tornar-lo a fer.<\/li>\n<\/ol>\n\n\n\n<figure class=\"wp-block-gallery has-nested-images columns-default is-cropped wp-block-gallery-1 is-layout-flex wp-block-gallery-is-layout-flex\">\n<figure class=\"wp-block-image size-full\"><img fetchpriority=\"high\" decoding=\"async\" width=\"306\" height=\"664\" data-id=\"3532\" src=\"https:\/\/itwsport.com\/wp-content\/uploads\/2024\/03\/Capsulitis-en-la-articulacion-interfalangica-de-la-mano.jpg\" alt=\"Imatge gr\u00e0fica sobre com embenar un dit per jugar a b\u00e0squet\" class=\"wp-image-3532\" srcset=\"https:\/\/itwsport.com\/wp-content\/uploads\/2024\/03\/Capsulitis-en-la-articulacion-interfalangica-de-la-mano.jpg 306w, https:\/\/itwsport.com\/wp-content\/uploads\/2024\/03\/Capsulitis-en-la-articulacion-interfalangica-de-la-mano-138x300.jpg 138w\" sizes=\"(max-width: 306px) 100vw, 306px\" \/><\/figure>\n<\/figure>\n<\/div>\n\n\n\n<p><br><strong>Tania Gonz\u00e1lez<\/strong><br>Fisioterapeuta Programa esportiu ITW Sport<\/p>\n\n\n\n<h3 class=\"wp-block-heading has-medium-font-size\">BIBLIOGRAFIA<\/h3>\n\n\n\n<p>[1] Capsulitis, la lesi\u00f3 dels esportistes amb pilota<\/p>","protected":false},"excerpt":{"rendered":"<p>El significado del t\u00e9rmino capsulitis es \u201cinflamaci\u00f3n de la c\u00e1psula articular\u201d. La zona m\u00e1s frecuente en la que suele ocurrir es en las articulaciones interfal\u00e1ngicas (las articulaciones entre las falanges de los dedos). \u00bfPor qu\u00e9 son tan habituales en los jugadores de baloncesto? La respuesta es sencilla, porque realizan un deporte en el que hay [&hellip;]<\/p>","protected":false},"author":1,"featured_media":3694,"comment_status":"closed","ping_status":"closed","sticky":false,"template":"","format":"standard","meta":{"_acf_changed":false,"footnotes":""},"categories":[16],"tags":[],"class_list":["post-3531","post","type-post","status-publish","format-standard","has-post-thumbnail","hentry","category-rendimiento-y-salud"],"acf":[],"yoast_head":"<!-- This site is optimized with the Yoast SEO plugin v26.4 - https:\/\/yoast.com\/wordpress\/plugins\/seo\/ -->\n<title>Capsulitis en la articulaci\u00f3n de la mano- ITW Sport<\/title>\n<meta name=\"description\" content=\"Descubre por qu\u00e9 la capsulitis es com\u00fan en los jugadores de baloncesto. Conoce su origen traum\u00e1tico y las opciones de tratamiento.\" \/>\n<meta name=\"robots\" content=\"index, follow, max-snippet:-1, max-image-preview:large, max-video-preview:-1\" \/>\n<link rel=\"canonical\" href=\"https:\/\/itwsport.com\/ca\/capsulitis-a-larticulacio-interfalangica-de-la-ma\/\" \/>\n<meta property=\"og:locale\" content=\"ca_ES\" \/>\n<meta property=\"og:type\" content=\"article\" \/>\n<meta property=\"og:title\" content=\"Capsulitis en la articulaci\u00f3n de la mano- ITW Sport\" \/>\n<meta property=\"og:description\" content=\"Descubre por qu\u00e9 la capsulitis es com\u00fan en los jugadores de baloncesto. Conoce su origen traum\u00e1tico y las opciones de tratamiento.\" \/>\n<meta property=\"og:url\" content=\"https:\/\/itwsport.com\/ca\/capsulitis-a-larticulacio-interfalangica-de-la-ma\/\" \/>\n<meta property=\"og:site_name\" content=\"ITW Sport\" \/>\n<meta property=\"article:published_time\" content=\"2020-05-27T15:45:00+00:00\" \/>\n<meta property=\"article:modified_time\" content=\"2025-11-19T14:20:48+00:00\" \/>\n<meta property=\"og:image\" content=\"https:\/\/itwsport.com\/wp-content\/uploads\/2020\/05\/Capsulitis-en-la-articulacion-interfalangica.jpeg\" \/>\n\t<meta property=\"og:image:width\" content=\"1920\" \/>\n\t<meta property=\"og:image:height\" content=\"1280\" \/>\n\t<meta property=\"og:image:type\" content=\"image\/jpeg\" \/>\n<meta name=\"author\" content=\"admin\" \/>\n<meta name=\"twitter:card\" content=\"summary_large_image\" \/>\n<meta name=\"twitter:label1\" content=\"Escrit per\" \/>\n\t<meta name=\"twitter:data1\" content=\"admin\" \/>\n\t<meta name=\"twitter:label2\" content=\"Temps estimat de lectura\" \/>\n\t<meta name=\"twitter:data2\" content=\"3 minuts\" \/>\n<script type=\"application\/ld+json\" class=\"yoast-schema-graph\">{\"@context\":\"https:\/\/schema.org\",\"@graph\":[{\"@type\":\"Article\",\"@id\":\"https:\/\/itwsport.com\/capsulitis-en-la-articulacion-interfalangica-de-la-mano\/#article\",\"isPartOf\":{\"@id\":\"https:\/\/itwsport.com\/capsulitis-en-la-articulacion-interfalangica-de-la-mano\/\"},\"author\":{\"name\":\"admin\",\"@id\":\"https:\/\/itwsport.com\/#\/schema\/person\/6df880aefe53955d8d90fe0eb9669e0e\"},\"headline\":\"Capsulitis en la articulaci\u00f3n interfal\u00e1ngica de la mano\",\"datePublished\":\"2020-05-27T15:45:00+00:00\",\"dateModified\":\"2025-11-19T14:20:48+00:00\",\"mainEntityOfPage\":{\"@id\":\"https:\/\/itwsport.com\/capsulitis-en-la-articulacion-interfalangica-de-la-mano\/\"},\"wordCount\":619,\"publisher\":{\"@id\":\"https:\/\/itwsport.com\/#organization\"},\"image\":{\"@id\":\"https:\/\/itwsport.com\/capsulitis-en-la-articulacion-interfalangica-de-la-mano\/#primaryimage\"},\"thumbnailUrl\":\"https:\/\/itwsport.com\/wp-content\/uploads\/2020\/05\/Capsulitis-en-la-articulacion-interfalangica.jpeg\",\"articleSection\":[\"Rendimiento y Salud\"],\"inLanguage\":\"ca\"},{\"@type\":\"WebPage\",\"@id\":\"https:\/\/itwsport.com\/capsulitis-en-la-articulacion-interfalangica-de-la-mano\/\",\"url\":\"https:\/\/itwsport.com\/capsulitis-en-la-articulacion-interfalangica-de-la-mano\/\",\"name\":\"Capsulitis en la articulaci\u00f3n de la mano- ITW Sport\",\"isPartOf\":{\"@id\":\"https:\/\/itwsport.com\/#website\"},\"primaryImageOfPage\":{\"@id\":\"https:\/\/itwsport.com\/capsulitis-en-la-articulacion-interfalangica-de-la-mano\/#primaryimage\"},\"image\":{\"@id\":\"https:\/\/itwsport.com\/capsulitis-en-la-articulacion-interfalangica-de-la-mano\/#primaryimage\"},\"thumbnailUrl\":\"https:\/\/itwsport.com\/wp-content\/uploads\/2020\/05\/Capsulitis-en-la-articulacion-interfalangica.jpeg\",\"datePublished\":\"2020-05-27T15:45:00+00:00\",\"dateModified\":\"2025-11-19T14:20:48+00:00\",\"description\":\"Descubre por qu\u00e9 la capsulitis es com\u00fan en los jugadores de baloncesto. Conoce su origen traum\u00e1tico y las opciones de tratamiento.\",\"breadcrumb\":{\"@id\":\"https:\/\/itwsport.com\/capsulitis-en-la-articulacion-interfalangica-de-la-mano\/#breadcrumb\"},\"inLanguage\":\"ca\",\"potentialAction\":[{\"@type\":\"ReadAction\",\"target\":[\"https:\/\/itwsport.com\/capsulitis-en-la-articulacion-interfalangica-de-la-mano\/\"]}]},{\"@type\":\"ImageObject\",\"inLanguage\":\"ca\",\"@id\":\"https:\/\/itwsport.com\/capsulitis-en-la-articulacion-interfalangica-de-la-mano\/#primaryimage\",\"url\":\"https:\/\/itwsport.com\/wp-content\/uploads\/2020\/05\/Capsulitis-en-la-articulacion-interfalangica.jpeg\",\"contentUrl\":\"https:\/\/itwsport.com\/wp-content\/uploads\/2020\/05\/Capsulitis-en-la-articulacion-interfalangica.jpeg\",\"width\":1920,\"height\":1280},{\"@type\":\"BreadcrumbList\",\"@id\":\"https:\/\/itwsport.com\/capsulitis-en-la-articulacion-interfalangica-de-la-mano\/#breadcrumb\",\"itemListElement\":[{\"@type\":\"ListItem\",\"position\":1,\"name\":\"Portada\",\"item\":\"https:\/\/itwsport.com\/\"},{\"@type\":\"ListItem\",\"position\":2,\"name\":\"Capsulitis en la articulaci\u00f3n interfal\u00e1ngica de la mano\"}]},{\"@type\":\"WebSite\",\"@id\":\"https:\/\/itwsport.com\/#website\",\"url\":\"https:\/\/itwsport.com\/\",\"name\":\"ITW Sport\",\"description\":\"- Entrenamientos Deportivos\",\"publisher\":{\"@id\":\"https:\/\/itwsport.com\/#organization\"},\"potentialAction\":[{\"@type\":\"SearchAction\",\"target\":{\"@type\":\"EntryPoint\",\"urlTemplate\":\"https:\/\/itwsport.com\/?s={search_term_string}\"},\"query-input\":{\"@type\":\"PropertyValueSpecification\",\"valueRequired\":true,\"valueName\":\"search_term_string\"}}],\"inLanguage\":\"ca\"},{\"@type\":\"Organization\",\"@id\":\"https:\/\/itwsport.com\/#organization\",\"name\":\"ITW Sport\",\"url\":\"https:\/\/itwsport.com\/\",\"logo\":{\"@type\":\"ImageObject\",\"inLanguage\":\"ca\",\"@id\":\"https:\/\/itwsport.com\/#\/schema\/logo\/image\/\",\"url\":\"https:\/\/itwsport.com\/wp-content\/uploads\/2024\/03\/Recurso-58aaaa@4x.png\",\"contentUrl\":\"https:\/\/itwsport.com\/wp-content\/uploads\/2024\/03\/Recurso-58aaaa@4x.png\",\"width\":673,\"height\":178,\"caption\":\"ITW Sport\"},\"image\":{\"@id\":\"https:\/\/itwsport.com\/#\/schema\/logo\/image\/\"}},{\"@type\":\"Person\",\"@id\":\"https:\/\/itwsport.com\/#\/schema\/person\/6df880aefe53955d8d90fe0eb9669e0e\",\"name\":\"admin\",\"image\":{\"@type\":\"ImageObject\",\"inLanguage\":\"ca\",\"@id\":\"https:\/\/itwsport.com\/#\/schema\/person\/image\/\",\"url\":\"https:\/\/secure.gravatar.com\/avatar\/36c679534ef264312986fb0b5df4c2ed821e64c4c2988920ab47febe963dc553?s=96&d=mm&r=g\",\"contentUrl\":\"https:\/\/secure.gravatar.com\/avatar\/36c679534ef264312986fb0b5df4c2ed821e64c4c2988920ab47febe963dc553?s=96&d=mm&r=g\",\"caption\":\"admin\"},\"url\":\"https:\/\/itwsport.com\/ca\/author\/soporte_nk3j0856\/\"}]}<\/script>\n<!-- \/ Yoast SEO plugin. -->","yoast_head_json":{"title":"Capsulitis a l'Articulaci\u00f3 de la M\u00e0 - ITW Sport","description":"Descobreix per qu\u00e8 la capsulitis \u00e9s com\u00fa entre els jugadors de b\u00e0squet. Coneix el seu origen traum\u00e0tic i les opcions de tractament.","robots":{"index":"index","follow":"follow","max-snippet":"max-snippet:-1","max-image-preview":"max-image-preview:large","max-video-preview":"max-video-preview:-1"},"canonical":"https:\/\/itwsport.com\/ca\/capsulitis-a-larticulacio-interfalangica-de-la-ma\/","og_locale":"ca_ES","og_type":"article","og_title":"Capsulitis en la articulaci\u00f3n de la mano- ITW Sport","og_description":"Descubre por qu\u00e9 la capsulitis es com\u00fan en los jugadores de baloncesto. Conoce su origen traum\u00e1tico y las opciones de tratamiento.","og_url":"https:\/\/itwsport.com\/ca\/capsulitis-a-larticulacio-interfalangica-de-la-ma\/","og_site_name":"ITW Sport","article_published_time":"2020-05-27T15:45:00+00:00","article_modified_time":"2025-11-19T14:20:48+00:00","og_image":[{"width":1920,"height":1280,"url":"https:\/\/itwsport.com\/wp-content\/uploads\/2020\/05\/Capsulitis-en-la-articulacion-interfalangica.jpeg","type":"image\/jpeg"}],"author":"admin","twitter_card":"summary_large_image","twitter_misc":{"Escrit per":"admin","Temps estimat de lectura":"3 minuts"},"schema":{"@context":"https:\/\/schema.org","@graph":[{"@type":"Article","@id":"https:\/\/itwsport.com\/capsulitis-en-la-articulacion-interfalangica-de-la-mano\/#article","isPartOf":{"@id":"https:\/\/itwsport.com\/capsulitis-en-la-articulacion-interfalangica-de-la-mano\/"},"author":{"name":"admin","@id":"https:\/\/itwsport.com\/#\/schema\/person\/6df880aefe53955d8d90fe0eb9669e0e"},"headline":"Capsulitis en la articulaci\u00f3n interfal\u00e1ngica de la mano","datePublished":"2020-05-27T15:45:00+00:00","dateModified":"2025-11-19T14:20:48+00:00","mainEntityOfPage":{"@id":"https:\/\/itwsport.com\/capsulitis-en-la-articulacion-interfalangica-de-la-mano\/"},"wordCount":619,"publisher":{"@id":"https:\/\/itwsport.com\/#organization"},"image":{"@id":"https:\/\/itwsport.com\/capsulitis-en-la-articulacion-interfalangica-de-la-mano\/#primaryimage"},"thumbnailUrl":"https:\/\/itwsport.com\/wp-content\/uploads\/2020\/05\/Capsulitis-en-la-articulacion-interfalangica.jpeg","articleSection":["Rendimiento y Salud"],"inLanguage":"ca"},{"@type":"WebPage","@id":"https:\/\/itwsport.com\/capsulitis-en-la-articulacion-interfalangica-de-la-mano\/","url":"https:\/\/itwsport.com\/capsulitis-en-la-articulacion-interfalangica-de-la-mano\/","name":"Capsulitis a l'Articulaci\u00f3 de la M\u00e0 - ITW Sport","isPartOf":{"@id":"https:\/\/itwsport.com\/#website"},"primaryImageOfPage":{"@id":"https:\/\/itwsport.com\/capsulitis-en-la-articulacion-interfalangica-de-la-mano\/#primaryimage"},"image":{"@id":"https:\/\/itwsport.com\/capsulitis-en-la-articulacion-interfalangica-de-la-mano\/#primaryimage"},"thumbnailUrl":"https:\/\/itwsport.com\/wp-content\/uploads\/2020\/05\/Capsulitis-en-la-articulacion-interfalangica.jpeg","datePublished":"2020-05-27T15:45:00+00:00","dateModified":"2025-11-19T14:20:48+00:00","description":"Descobreix per qu\u00e8 la capsulitis \u00e9s com\u00fa entre els jugadors de b\u00e0squet. Coneix el seu origen traum\u00e0tic i les opcions de tractament.","breadcrumb":{"@id":"https:\/\/itwsport.com\/capsulitis-en-la-articulacion-interfalangica-de-la-mano\/#breadcrumb"},"inLanguage":"ca","potentialAction":[{"@type":"ReadAction","target":["https:\/\/itwsport.com\/capsulitis-en-la-articulacion-interfalangica-de-la-mano\/"]}]},{"@type":"ImageObject","inLanguage":"ca","@id":"https:\/\/itwsport.com\/capsulitis-en-la-articulacion-interfalangica-de-la-mano\/#primaryimage","url":"https:\/\/itwsport.com\/wp-content\/uploads\/2020\/05\/Capsulitis-en-la-articulacion-interfalangica.jpeg","contentUrl":"https:\/\/itwsport.com\/wp-content\/uploads\/2020\/05\/Capsulitis-en-la-articulacion-interfalangica.jpeg","width":1920,"height":1280},{"@type":"BreadcrumbList","@id":"https:\/\/itwsport.com\/capsulitis-en-la-articulacion-interfalangica-de-la-mano\/#breadcrumb","itemListElement":[{"@type":"ListItem","position":1,"name":"Portada","item":"https:\/\/itwsport.com\/"},{"@type":"ListItem","position":2,"name":"Capsulitis en la articulaci\u00f3n interfal\u00e1ngica de la mano"}]},{"@type":"WebSite","@id":"https:\/\/itwsport.com\/#website","url":"https:\/\/itwsport.com\/","name":"ITW Sport","description":"- Entrenaments Esportius","publisher":{"@id":"https:\/\/itwsport.com\/#organization"},"potentialAction":[{"@type":"SearchAction","target":{"@type":"EntryPoint","urlTemplate":"https:\/\/itwsport.com\/?s={search_term_string}"},"query-input":{"@type":"PropertyValueSpecification","valueRequired":true,"valueName":"search_term_string"}}],"inLanguage":"ca"},{"@type":"Organization","@id":"https:\/\/itwsport.com\/#organization","name":"ITW Sport","url":"https:\/\/itwsport.com\/","logo":{"@type":"ImageObject","inLanguage":"ca","@id":"https:\/\/itwsport.com\/#\/schema\/logo\/image\/","url":"https:\/\/itwsport.com\/wp-content\/uploads\/2024\/03\/Recurso-58aaaa@4x.png","contentUrl":"https:\/\/itwsport.com\/wp-content\/uploads\/2024\/03\/Recurso-58aaaa@4x.png","width":673,"height":178,"caption":"ITW Sport"},"image":{"@id":"https:\/\/itwsport.com\/#\/schema\/logo\/image\/"}},{"@type":"Person","@id":"https:\/\/itwsport.com\/#\/schema\/person\/6df880aefe53955d8d90fe0eb9669e0e","name":"admin","image":{"@type":"ImageObject","inLanguage":"ca","@id":"https:\/\/itwsport.com\/#\/schema\/person\/image\/","url":"https:\/\/secure.gravatar.com\/avatar\/36c679534ef264312986fb0b5df4c2ed821e64c4c2988920ab47febe963dc553?s=96&d=mm&r=g","contentUrl":"https:\/\/secure.gravatar.com\/avatar\/36c679534ef264312986fb0b5df4c2ed821e64c4c2988920ab47febe963dc553?s=96&d=mm&r=g","caption":"admin"},"url":"https:\/\/itwsport.com\/ca\/author\/soporte_nk3j0856\/"}]}},"_links":{"self":[{"href":"https:\/\/itwsport.com\/ca\/wp-json\/wp\/v2\/posts\/3531","targetHints":{"allow":["GET"]}}],"collection":[{"href":"https:\/\/itwsport.com\/ca\/wp-json\/wp\/v2\/posts"}],"about":[{"href":"https:\/\/itwsport.com\/ca\/wp-json\/wp\/v2\/types\/post"}],"author":[{"embeddable":true,"href":"https:\/\/itwsport.com\/ca\/wp-json\/wp\/v2\/users\/1"}],"replies":[{"embeddable":true,"href":"https:\/\/itwsport.com\/ca\/wp-json\/wp\/v2\/comments?post=3531"}],"version-history":[{"count":5,"href":"https:\/\/itwsport.com\/ca\/wp-json\/wp\/v2\/posts\/3531\/revisions"}],"predecessor-version":[{"id":4898,"href":"https:\/\/itwsport.com\/ca\/wp-json\/wp\/v2\/posts\/3531\/revisions\/4898"}],"wp:featuredmedia":[{"embeddable":true,"href":"https:\/\/itwsport.com\/ca\/wp-json\/wp\/v2\/media\/3694"}],"wp:attachment":[{"href":"https:\/\/itwsport.com\/ca\/wp-json\/wp\/v2\/media?parent=3531"}],"wp:term":[{"taxonomy":"category","embeddable":true,"href":"https:\/\/itwsport.com\/ca\/wp-json\/wp\/v2\/categories?post=3531"},{"taxonomy":"post_tag","embeddable":true,"href":"https:\/\/itwsport.com\/ca\/wp-json\/wp\/v2\/tags?post=3531"}],"curies":[{"name":"wp","href":"https:\/\/api.w.org\/{rel}","templated":true}]}}